{"id":41021,"date":"2022-12-01T11:16:12","date_gmt":"2022-12-01T14:16:12","guid":{"rendered":"https:\/\/pinews.com.br\/?p=41021"},"modified":"2022-12-01T11:16:12","modified_gmt":"2022-12-01T14:16:12","slug":"mulher-sofre-acidente-ao-transitar-na-contramao-de-avenida-em-cidade-do-piaui","status":"publish","type":"post","link":"https:\/\/pinews.com.br\/index.php\/2022\/12\/01\/mulher-sofre-acidente-ao-transitar-na-contramao-de-avenida-em-cidade-do-piaui\/","title":{"rendered":"Mulher sofre acidente ao transitar na contram\u00e3o de avenida em cidade do Piau\u00ed"},"content":{"rendered":"\n<p>Uma mulher que transitava de motocicleta na contram\u00e3o se envolveu em acidente com carro na tarde da \u00faltima quarta-feira (30\/11),&nbsp;na avenida Ministro Petr\u00f4nio Portela,&nbsp;Esperantina, no Norte do Piau\u00ed.<\/p>\n\n\n\n<p>O acidente foi registrado \u00e0s 16h20 por uma c\u00e2mera de seguran\u00e7a. Imagens mostra a&nbsp;condutora trafegando na contram\u00e3o na avenida, quando na sequ\u00eancia, ela bate de frente contra um carro que fazia uma convers\u00e3o \u00e0 esquerda na via oposta.<\/p>\n\n\n\n<p>N\u00e3o h\u00e1 informa\u00e7\u00f5es do estado de sa\u00fade da v\u00edtima.<\/p>\n\n\n\n<p>V\u00eddeo:<\/p>\n\n\n\n<figure class=\"wp-block-embed is-type-video is-provider-youtube wp-block-embed-youtube wp-embed-aspect-16-9 wp-has-aspect-ratio\"><div class=\"wp-block-embed__wrapper\">\n<iframe loading=\"lazy\" title=\"Motociclista trafega na contram\u00e3o e causa acidente em avenida de Esperantina-PI\" width=\"1170\" height=\"658\" src=\"https:\/\/www.youtube.com\/embed\/8r-yBQraAC8?feature=oembed\" frameborder=\"0\" allow=\"accelerometer; autoplay; clipboard-write; encrypted-media; gyroscope; picture-in-picture; web-share\" allowfullscreen><\/iframe>\n<\/div><\/figure>\n\n\n\n<p><strong>Fonte: Revista AZ<\/strong><\/p>\n","protected":false},"excerpt":{"rendered":"<p>Uma mulher que transitava de motocicleta na contram\u00e3o se envolveu em acidente com carro na tarde da \u00faltima quarta-feira (30\/11),&nbsp;na avenida Ministro Petr\u00f4nio Portela,&nbsp;Esperantina, no Norte do Piau\u00ed. O acidente foi registrado \u00e0s 16h20 por uma c\u00e2mera de seguran\u00e7a. Imagens mostra a&nbsp;condutora trafegando na contram\u00e3o na avenida, quando na sequ\u00eancia, ela bate de frente contra [&hellip;]<\/p>\n","protected":false},"author":1,"featured_media":41022,"comment_status":"open","ping_status":"open","sticky":false,"template":"","format":"standard","meta":{"beyondwords_generate_audio":"","beyondwords_project_id":"","beyondwords_podcast_id":"","beyondwords_hash":"","beyondwords_error_message":"","beyondwords_disabled":"","publish_post_to_speechkit":"","speechkit_generate_audio":"","speechkit_project_id":"","speechkit_podcast_id":"","speechkit_hash":"","speechkit_error_message":"","speechkit_disabled":"","speechkit_access_key":"","speechkit_error":"","speechkit_info":"","speechkit_response":"","speechkit_retries":"","_speechkit_link":"","_speechkit_text":""},"categories":[51],"tags":[176,132,1091,63,1967,44,46,135,91,52,405,11015],"jetpack_featured_media_url":"","_links":{"self":[{"href":"https:\/\/pinews.com.br\/index.php\/wp-json\/wp\/v2\/posts\/41021"}],"collection":[{"href":"https:\/\/pinews.com.br\/index.php\/wp-json\/wp\/v2\/posts"}],"about":[{"href":"https:\/\/pinews.com.br\/index.php\/wp-json\/wp\/v2\/types\/post"}],"author":[{"embeddable":true,"href":"https:\/\/pinews.com.br\/index.php\/wp-json\/wp\/v2\/users\/1"}],"replies":[{"embeddable":true,"href":"https:\/\/pinews.com.br\/index.php\/wp-json\/wp\/v2\/comments?post=41021"}],"version-history":[{"count":0,"href":"https:\/\/pinews.com.br\/index.php\/wp-json\/wp\/v2\/posts\/41021\/revisions"}],"wp:featuredmedia":[{"embeddable":true,"href":"https:\/\/pinews.com.br\/index.php\/wp-json\/"}],"wp:attachment":[{"href":"https:\/\/pinews.com.br\/index.php\/wp-json\/wp\/v2\/media?parent=41021"}],"wp:term":[{"taxonomy":"category","embeddable":true,"href":"https:\/\/pinews.com.br\/index.php\/wp-json\/wp\/v2\/categories?post=41021"},{"taxonomy":"post_tag","embeddable":true,"href":"https:\/\/pinews.com.br\/index.php\/wp-json\/wp\/v2\/tags?post=41021"}],"curies":[{"name":"wp","href":"https:\/\/api.w.org\/{rel}","templated":true}]}}