{"id":41077,"date":"2022-12-02T18:11:53","date_gmt":"2022-12-02T21:11:53","guid":{"rendered":"https:\/\/pinews.com.br\/?p=41077"},"modified":"2022-12-02T18:11:53","modified_gmt":"2022-12-02T21:11:53","slug":"corpo-e-encontrado-com-maos-e-pes-amarrados-e-saco-na-cabeca-no-piaui","status":"publish","type":"post","link":"https:\/\/pinews.com.br\/index.php\/2022\/12\/02\/corpo-e-encontrado-com-maos-e-pes-amarrados-e-saco-na-cabeca-no-piaui\/","title":{"rendered":"Corpo \u00e9 encontrado com m\u00e3os e p\u00e9s amarrados e saco na cabe\u00e7a  no Piau\u00ed"},"content":{"rendered":"\n<p>Um homem foi encontrado morto na tarde desta sexta-feira (02\/11), nas margens da PI-215, \u00e0 6km de Campo Maior, sentido \u00e0 Coivaras, no Norte do Piau\u00ed.&nbsp;O corpo estava com m\u00e3os e p\u00e9s amarrados e saco amarrado na cabe\u00e7a.<\/p>\n\n\n\n<p>O tenente-coronel Etevaldo Alves, comandante do 15\u00ba Batalh\u00e3o de Pol\u00edcia Militar, informou ao 180graus que recebeu a informa\u00e7\u00e3o via Copon 190 de que havia um corpo \u00e0s margens da rodovia. A PM foi ao local e constatou a veracidade.<\/p>\n\n\n\n<p>&#8220;N\u00e3o se sabe se o crime ocorreu em Campo Maior ou se o corpo foi desovado. H\u00e1 sinais de viol\u00eancia, mas n\u00e3o se sabe se o homic\u00eddio ocorreu na cidade&#8221;, informou o comandante.<\/p>\n\n\n\n<p>A PM isolou o local&nbsp;e acionou a Per\u00edcia da&nbsp;Pol\u00edcia Civil identificar o corpo e iniciar as investiga\u00e7\u00f5es.<\/p>\n\n\n\n<p>O Instituto M\u00e9dico Legal (IML) foi acionado para remover o corpo.&nbsp;<\/p>\n\n\n\n<p>Campo Maior registou quatro homic\u00eddios neste ano e h\u00e1 oito meses n\u00e3o havia ocorrido este tipo de crime no munic\u00edpio. <\/p>\n\n\n\n<p><strong>Fonte: 180 Graus <\/strong><\/p>\n","protected":false},"excerpt":{"rendered":"<p>Um homem foi encontrado morto na tarde desta sexta-feira (02\/11), nas margens da PI-215, \u00e0 6km de Campo Maior, sentido \u00e0 Coivaras, no Norte do Piau\u00ed.&nbsp;O corpo estava com m\u00e3os e p\u00e9s amarrados e saco amarrado na cabe\u00e7a. O tenente-coronel Etevaldo Alves, comandante do 15\u00ba Batalh\u00e3o de Pol\u00edcia Militar, informou ao 180graus que recebeu a [&hellip;]<\/p>\n","protected":false},"author":1,"featured_media":41078,"comment_status":"open","ping_status":"open","sticky":false,"template":"","format":"standard","meta":{"beyondwords_generate_audio":"","beyondwords_project_id":"","beyondwords_podcast_id":"","beyondwords_hash":"","beyondwords_error_message":"","beyondwords_disabled":"","publish_post_to_speechkit":"","speechkit_generate_audio":"","speechkit_project_id":"","speechkit_podcast_id":"","speechkit_hash":"","speechkit_error_message":"","speechkit_disabled":"","speechkit_access_key":"","speechkit_error":"","speechkit_info":"","speechkit_response":"","speechkit_retries":"","_speechkit_link":"","_speechkit_text":""},"categories":[51,78],"tags":[7547,750,55,72,200,1926,91,919,52,6483],"jetpack_featured_media_url":"","_links":{"self":[{"href":"https:\/\/pinews.com.br\/index.php\/wp-json\/wp\/v2\/posts\/41077"}],"collection":[{"href":"https:\/\/pinews.com.br\/index.php\/wp-json\/wp\/v2\/posts"}],"about":[{"href":"https:\/\/pinews.com.br\/index.php\/wp-json\/wp\/v2\/types\/post"}],"author":[{"embeddable":true,"href":"https:\/\/pinews.com.br\/index.php\/wp-json\/wp\/v2\/users\/1"}],"replies":[{"embeddable":true,"href":"https:\/\/pinews.com.br\/index.php\/wp-json\/wp\/v2\/comments?post=41077"}],"version-history":[{"count":0,"href":"https:\/\/pinews.com.br\/index.php\/wp-json\/wp\/v2\/posts\/41077\/revisions"}],"wp:featuredmedia":[{"embeddable":true,"href":"https:\/\/pinews.com.br\/index.php\/wp-json\/"}],"wp:attachment":[{"href":"https:\/\/pinews.com.br\/index.php\/wp-json\/wp\/v2\/media?parent=41077"}],"wp:term":[{"taxonomy":"category","embeddable":true,"href":"https:\/\/pinews.com.br\/index.php\/wp-json\/wp\/v2\/categories?post=41077"},{"taxonomy":"post_tag","embeddable":true,"href":"https:\/\/pinews.com.br\/index.php\/wp-json\/wp\/v2\/tags?post=41077"}],"curies":[{"name":"wp","href":"https:\/\/api.w.org\/{rel}","templated":true}]}}