{"id":41080,"date":"2022-12-02T20:22:15","date_gmt":"2022-12-02T23:22:15","guid":{"rendered":"https:\/\/pinews.com.br\/?p=41080"},"modified":"2022-12-02T20:22:15","modified_gmt":"2022-12-02T23:22:15","slug":"em-picos-prf-recupera-veiculo-apos-queixa-de-furto-no-sistema-sinal","status":"publish","type":"post","link":"https:\/\/pinews.com.br\/index.php\/2022\/12\/02\/em-picos-prf-recupera-veiculo-apos-queixa-de-furto-no-sistema-sinal\/","title":{"rendered":"Em Picos, PRF recupera ve\u00edculo ap\u00f3s queixa de furto no Sistema Sinal"},"content":{"rendered":"\n<p>Policiais Rodovi\u00e1rios Federais recuperaram um ve\u00edculo Hyundai\/Hb20 na manh\u00e3 de ontem (01). A a\u00e7\u00e3o foi desencadeada quando os policiais abordaram o carro na rodovia BR 316 na cidade de Picos\/PI. O ve\u00edculo possu\u00eda registro de furto no sistema SINAL da PRF. O boletim de ocorr\u00eancia foi confeccionado na delegacia de pol\u00edcia civil de Tangar\u00e1 da Serra\/MT.<\/p>\n\n\n\n<p>Os Policiais deram ordem de parada ao ve\u00edculo ap\u00f3s constatarem queixa de furto nos sistemas, a equipe deu voz de comando para que os ocupantes desembarcassem e assim fosse realizada a vistoria do ve\u00edculo. No interior do ve\u00edculo havia quatro ocupantes.<\/p>\n\n\n\n<p>Ao ser questionado, o passageiro manifestou-se como propriet\u00e1rio do ve\u00edculo informou que relatou desconhecer tal fato, afirmando ainda que o carro era de sua propriedade, mas estava no nome de outra pessoa, e esta teria sido a respons\u00e1vel pela queixa de furto do referido ve\u00edculo.<\/p>\n\n\n\n<p>Diante do exposto os quatro ocupantes foram conduzidos a delegacia regional de Picos juntamente com o ve\u00edculo para serem apresentados a autoridade policial.<\/p>\n\n\n\n<p><strong>Fonte: PRF<\/strong><\/p>\n","protected":false},"excerpt":{"rendered":"<p>Policiais Rodovi\u00e1rios Federais recuperaram um ve\u00edculo Hyundai\/Hb20 na manh\u00e3 de ontem (01). A a\u00e7\u00e3o foi desencadeada quando os policiais abordaram o carro na rodovia BR 316 na cidade de Picos\/PI. O ve\u00edculo possu\u00eda registro de furto no sistema SINAL da PRF. O boletim de ocorr\u00eancia foi confeccionado na delegacia de pol\u00edcia civil de Tangar\u00e1 da [&hellip;]<\/p>\n","protected":false},"author":1,"featured_media":41081,"comment_status":"open","ping_status":"open","sticky":false,"template":"","format":"standard","meta":{"beyondwords_generate_audio":"","beyondwords_project_id":"","beyondwords_podcast_id":"","beyondwords_hash":"","beyondwords_error_message":"","beyondwords_disabled":"","publish_post_to_speechkit":"","speechkit_generate_audio":"","speechkit_project_id":"","speechkit_podcast_id":"","speechkit_hash":"","speechkit_error_message":"","speechkit_disabled":"","speechkit_access_key":"","speechkit_error":"","speechkit_info":"","speechkit_response":"","speechkit_retries":"","_speechkit_link":"","_speechkit_text":""},"categories":[51,126,78],"tags":[70,44,46,988,125,104,11025,937,5948,1324,158],"jetpack_featured_media_url":"","_links":{"self":[{"href":"https:\/\/pinews.com.br\/index.php\/wp-json\/wp\/v2\/posts\/41080"}],"collection":[{"href":"https:\/\/pinews.com.br\/index.php\/wp-json\/wp\/v2\/posts"}],"about":[{"href":"https:\/\/pinews.com.br\/index.php\/wp-json\/wp\/v2\/types\/post"}],"author":[{"embeddable":true,"href":"https:\/\/pinews.com.br\/index.php\/wp-json\/wp\/v2\/users\/1"}],"replies":[{"embeddable":true,"href":"https:\/\/pinews.com.br\/index.php\/wp-json\/wp\/v2\/comments?post=41080"}],"version-history":[{"count":0,"href":"https:\/\/pinews.com.br\/index.php\/wp-json\/wp\/v2\/posts\/41080\/revisions"}],"wp:featuredmedia":[{"embeddable":true,"href":"https:\/\/pinews.com.br\/index.php\/wp-json\/"}],"wp:attachment":[{"href":"https:\/\/pinews.com.br\/index.php\/wp-json\/wp\/v2\/media?parent=41080"}],"wp:term":[{"taxonomy":"category","embeddable":true,"href":"https:\/\/pinews.com.br\/index.php\/wp-json\/wp\/v2\/categories?post=41080"},{"taxonomy":"post_tag","embeddable":true,"href":"https:\/\/pinews.com.br\/index.php\/wp-json\/wp\/v2\/tags?post=41080"}],"curies":[{"name":"wp","href":"https:\/\/api.w.org\/{rel}","templated":true}]}}