{"id":41089,"date":"2022-12-03T11:18:06","date_gmt":"2022-12-03T14:18:06","guid":{"rendered":"https:\/\/pinews.com.br\/?p=41089"},"modified":"2022-12-03T11:18:06","modified_gmt":"2022-12-03T14:18:06","slug":"gangue-da-bicicleta-tenta-assaltar-fiscal-da-prefeitura-no-litoral-do-piaui","status":"publish","type":"post","link":"https:\/\/pinews.com.br\/index.php\/2022\/12\/03\/gangue-da-bicicleta-tenta-assaltar-fiscal-da-prefeitura-no-litoral-do-piaui\/","title":{"rendered":"\u2018Gangue da bicicleta\u2019 tenta assaltar fiscal da prefeitura no litoral do Piau\u00ed"},"content":{"rendered":"\n<p>Uma viatura da PM coordenada pelo sargento De Jesus prendeu na tarde desta sexta-feira (02\/12) um homem suspeito&nbsp;de tentar tomar de assalto um aparelho celular e uma carteira porta-c\u00e9dulas, de uma v\u00edtima na pra\u00e7a Santo Antonio, centro de Parna\u00edba.<\/p>\n\n\n\n<p>A v\u00edtima que \u00e9 um fiscal da prefeitura, estava de servi\u00e7o em cia de outro colega de profiss\u00e3o, quando foi surpreendida por um cara montado numa bicicleta armado de faca (em punho), que anunciou o assalto.&nbsp;<\/p>\n\n\n\n<p>A informa\u00e7\u00e3o \u00e9 de que havia mais 04 suspeitos montados em bicicletas dando apoio na tentativa do roubo.&nbsp;<\/p>\n\n\n\n<p>Neste momento, a viatura passava no local. Os suspeitos visualizaram o carro da policia e fugiram, sendo preso o suspeito. A faca n\u00e3o foi localizada. N\u00e3o foi levado nada das v\u00edtimas.&nbsp;<\/p>\n\n\n\n<p>N\u00e3o temos informa\u00e7\u00f5es se o autuado foi levado \u00e0 audi\u00eancia de cust\u00f3dia. <\/p>\n\n\n\n<p><strong>Fonte: 180 graus\/ As informa\u00e7\u00f5es s\u00e3o do Portal do Catita<\/strong><\/p>\n","protected":false},"excerpt":{"rendered":"<p>Uma viatura da PM coordenada pelo sargento De Jesus prendeu na tarde desta sexta-feira (02\/12) um homem suspeito&nbsp;de tentar tomar de assalto um aparelho celular e uma carteira porta-c\u00e9dulas, de uma v\u00edtima na pra\u00e7a Santo Antonio, centro de Parna\u00edba. A v\u00edtima que \u00e9 um fiscal da prefeitura, estava de servi\u00e7o em cia de outro colega [&hellip;]<\/p>\n","protected":false},"author":1,"featured_media":41090,"comment_status":"open","ping_status":"open","sticky":false,"template":"","format":"standard","meta":{"beyondwords_generate_audio":"","beyondwords_project_id":"","beyondwords_podcast_id":"","beyondwords_hash":"","beyondwords_error_message":"","beyondwords_disabled":"","publish_post_to_speechkit":"","speechkit_generate_audio":"","speechkit_project_id":"","speechkit_podcast_id":"","speechkit_hash":"","speechkit_error_message":"","speechkit_disabled":"","speechkit_access_key":"","speechkit_error":"","speechkit_info":"","speechkit_response":"","speechkit_retries":"","_speechkit_link":"","_speechkit_text":""},"categories":[51,78],"tags":[734,1950,122,1591,6688,202,52,917,89],"jetpack_featured_media_url":"","_links":{"self":[{"href":"https:\/\/pinews.com.br\/index.php\/wp-json\/wp\/v2\/posts\/41089"}],"collection":[{"href":"https:\/\/pinews.com.br\/index.php\/wp-json\/wp\/v2\/posts"}],"about":[{"href":"https:\/\/pinews.com.br\/index.php\/wp-json\/wp\/v2\/types\/post"}],"author":[{"embeddable":true,"href":"https:\/\/pinews.com.br\/index.php\/wp-json\/wp\/v2\/users\/1"}],"replies":[{"embeddable":true,"href":"https:\/\/pinews.com.br\/index.php\/wp-json\/wp\/v2\/comments?post=41089"}],"version-history":[{"count":0,"href":"https:\/\/pinews.com.br\/index.php\/wp-json\/wp\/v2\/posts\/41089\/revisions"}],"wp:featuredmedia":[{"embeddable":true,"href":"https:\/\/pinews.com.br\/index.php\/wp-json\/"}],"wp:attachment":[{"href":"https:\/\/pinews.com.br\/index.php\/wp-json\/wp\/v2\/media?parent=41089"}],"wp:term":[{"taxonomy":"category","embeddable":true,"href":"https:\/\/pinews.com.br\/index.php\/wp-json\/wp\/v2\/categories?post=41089"},{"taxonomy":"post_tag","embeddable":true,"href":"https:\/\/pinews.com.br\/index.php\/wp-json\/wp\/v2\/tags?post=41089"}],"curies":[{"name":"wp","href":"https:\/\/api.w.org\/{rel}","templated":true}]}}