{"id":41169,"date":"2022-12-06T18:14:47","date_gmt":"2022-12-06T21:14:47","guid":{"rendered":"https:\/\/pinews.com.br\/?p=41169"},"modified":"2022-12-06T18:14:47","modified_gmt":"2022-12-06T21:14:47","slug":"piauiense-da-regiao-de-picos-e-encontrada-morta-dentro-de-quarto-de-hotel-em-altamira-pa-policia-investiga","status":"publish","type":"post","link":"https:\/\/pinews.com.br\/index.php\/2022\/12\/06\/piauiense-da-regiao-de-picos-e-encontrada-morta-dentro-de-quarto-de-hotel-em-altamira-pa-policia-investiga\/","title":{"rendered":"Piauiense da regi\u00e3o de Picos \u00e9 encontrada morta dentro de quarto de hotel em Altamira (PA); pol\u00edcia investiga"},"content":{"rendered":"\n<p>Uma piauiense identificada como Marcileide Bezerra de Sousa Ol\u00edmpio, 36 anos, foi encontrada morta dentro de um quarto de hotel situado na cidade de Altamira, no Par\u00e1, na tarde de segunda-feira (05).<\/p>\n\n\n\n<p>A v\u00edtima era da localidade Jurema, na zona rural de Francisco Santos, interior do Piau\u00ed. A Policia Militar de Altamira tomou conhecimento atrav\u00e9s de uma den\u00fancia dando conta da exist\u00eancia de um corpo no quarto de hotel e ao chegar no local constatou a veracidade dos fatos.<\/p>\n\n\n\n<p>Conforme informa\u00e7\u00f5es repassadas \u00e0 Pol\u00edcia Militar, Leidinha, como era mais conhecida, estava na companhia de um homem e desde ent\u00e3o ele n\u00e3o foi mais visto.<\/p>\n\n\n\n<p>Segundo a PM, no local foram encontrados objetos que seriam utilizados para o consumo de entorpecentes. Os telefones 181 e 190 podem ser acionados para den\u00fancia para ajudar nas investiga\u00e7\u00f5es sem a necessidade de se identificar.<\/p>\n\n\n\n<p><strong>Fonte: Portal A10+ via Confirma Not\u00edcia<\/strong><\/p>\n","protected":false},"excerpt":{"rendered":"<p>Uma piauiense identificada como Marcileide Bezerra de Sousa Ol\u00edmpio, 36 anos, foi encontrada morta dentro de um quarto de hotel situado na cidade de Altamira, no Par\u00e1, na tarde de segunda-feira (05). A v\u00edtima era da localidade Jurema, na zona rural de Francisco Santos, interior do Piau\u00ed. A Policia Militar de Altamira tomou conhecimento atrav\u00e9s [&hellip;]<\/p>\n","protected":false},"author":1,"featured_media":41174,"comment_status":"open","ping_status":"open","sticky":false,"template":"","format":"standard","meta":{"beyondwords_generate_audio":"","beyondwords_project_id":"","beyondwords_podcast_id":"","beyondwords_hash":"","beyondwords_error_message":"","beyondwords_disabled":"","publish_post_to_speechkit":"","speechkit_generate_audio":"","speechkit_project_id":"","speechkit_podcast_id":"","speechkit_hash":"","speechkit_error_message":"","speechkit_disabled":"","speechkit_access_key":"","speechkit_error":"","speechkit_info":"","speechkit_response":"","speechkit_retries":"","_speechkit_link":"","_speechkit_text":""},"categories":[134,78],"tags":[11035,122,44,192,72,46,471,5715,821,481,9882,511,125,466,1070,203],"jetpack_featured_media_url":"","_links":{"self":[{"href":"https:\/\/pinews.com.br\/index.php\/wp-json\/wp\/v2\/posts\/41169"}],"collection":[{"href":"https:\/\/pinews.com.br\/index.php\/wp-json\/wp\/v2\/posts"}],"about":[{"href":"https:\/\/pinews.com.br\/index.php\/wp-json\/wp\/v2\/types\/post"}],"author":[{"embeddable":true,"href":"https:\/\/pinews.com.br\/index.php\/wp-json\/wp\/v2\/users\/1"}],"replies":[{"embeddable":true,"href":"https:\/\/pinews.com.br\/index.php\/wp-json\/wp\/v2\/comments?post=41169"}],"version-history":[{"count":0,"href":"https:\/\/pinews.com.br\/index.php\/wp-json\/wp\/v2\/posts\/41169\/revisions"}],"wp:featuredmedia":[{"embeddable":true,"href":"https:\/\/pinews.com.br\/index.php\/wp-json\/"}],"wp:attachment":[{"href":"https:\/\/pinews.com.br\/index.php\/wp-json\/wp\/v2\/media?parent=41169"}],"wp:term":[{"taxonomy":"category","embeddable":true,"href":"https:\/\/pinews.com.br\/index.php\/wp-json\/wp\/v2\/categories?post=41169"},{"taxonomy":"post_tag","embeddable":true,"href":"https:\/\/pinews.com.br\/index.php\/wp-json\/wp\/v2\/tags?post=41169"}],"curies":[{"name":"wp","href":"https:\/\/api.w.org\/{rel}","templated":true}]}}