{"id":41266,"date":"2022-12-09T11:32:07","date_gmt":"2022-12-09T14:32:07","guid":{"rendered":"https:\/\/pinews.com.br\/?p=41266"},"modified":"2022-12-09T11:32:07","modified_gmt":"2022-12-09T14:32:07","slug":"video-mulher-tem-moto-roubada-ao-parar-em-semaforo-no-piaui","status":"publish","type":"post","link":"https:\/\/pinews.com.br\/index.php\/2022\/12\/09\/video-mulher-tem-moto-roubada-ao-parar-em-semaforo-no-piaui\/","title":{"rendered":"V\u00cdDEO: Mulher tem moto roubada ao parar em sem\u00e1foro no Piau\u00ed"},"content":{"rendered":"\n<p>Uma mulher teve a moto roubada por dois criminosos ao parar no sem\u00e1foro da Avenida Bucar Neto, na cidade de Floriano. O crime aconteceu na tarde desta quinta-feira (08\/12), por volta das 12h51, e foi gravado por c\u00e2meras de com\u00e9rcios. <\/p>\n\n\n\n<p>Nas imagens \u00e9 poss\u00edvel ver os dois suspeitos em uma motocicleta, provavelmente seguindo a mulher. A v\u00edtima para no sem\u00e1foro e a dupla aproveita o momento para realizar a pr\u00e1tica criminosa.<\/p>\n\n\n\n<p>Os assaltantes aproximam-se da mulher e anunciam o assalto. Depois dela descer da moto, um dos homens assumiu a dire\u00e7\u00e3o da motocicleta e fugiu com o comparsa.<\/p>\n\n\n\n<figure class=\"wp-block-embed is-type-video is-provider-youtube wp-block-embed-youtube wp-embed-aspect-16-9 wp-has-aspect-ratio\"><div class=\"wp-block-embed__wrapper\">\n<iframe loading=\"lazy\" title=\"Mulher tem moto roubada ao parar em sem\u00e1foro no centro de Floriano\" width=\"1170\" height=\"658\" src=\"https:\/\/www.youtube.com\/embed\/eEL0vlu-ZxU?feature=oembed\" frameborder=\"0\" allow=\"accelerometer; autoplay; clipboard-write; encrypted-media; gyroscope; picture-in-picture; web-share\" allowfullscreen><\/iframe>\n<\/div><\/figure>\n\n\n\n<p><strong>Fonte: 180 Graus\/ Com informa\u00e7\u00f5es Floriano news<\/strong><\/p>\n","protected":false},"excerpt":{"rendered":"<p>Uma mulher teve a moto roubada por dois criminosos ao parar no sem\u00e1foro da Avenida Bucar Neto, na cidade de Floriano. O crime aconteceu na tarde desta quinta-feira (08\/12), por volta das 12h51, e foi gravado por c\u00e2meras de com\u00e9rcios. Nas imagens \u00e9 poss\u00edvel ver os dois suspeitos em uma motocicleta, provavelmente seguindo a mulher. [&hellip;]<\/p>\n","protected":false},"author":1,"featured_media":41267,"comment_status":"open","ping_status":"open","sticky":false,"template":"","format":"standard","meta":{"beyondwords_generate_audio":"","beyondwords_project_id":"","beyondwords_podcast_id":"","beyondwords_hash":"","beyondwords_error_message":"","beyondwords_disabled":"","publish_post_to_speechkit":"","speechkit_generate_audio":"","speechkit_project_id":"","speechkit_podcast_id":"","speechkit_hash":"","speechkit_error_message":"","speechkit_disabled":"","speechkit_access_key":"","speechkit_error":"","speechkit_info":"","speechkit_response":"","speechkit_retries":"","_speechkit_link":"","_speechkit_text":""},"categories":[51,78],"tags":[132,46,304,135,9433,52,813,10955,60,67],"jetpack_featured_media_url":"","_links":{"self":[{"href":"https:\/\/pinews.com.br\/index.php\/wp-json\/wp\/v2\/posts\/41266"}],"collection":[{"href":"https:\/\/pinews.com.br\/index.php\/wp-json\/wp\/v2\/posts"}],"about":[{"href":"https:\/\/pinews.com.br\/index.php\/wp-json\/wp\/v2\/types\/post"}],"author":[{"embeddable":true,"href":"https:\/\/pinews.com.br\/index.php\/wp-json\/wp\/v2\/users\/1"}],"replies":[{"embeddable":true,"href":"https:\/\/pinews.com.br\/index.php\/wp-json\/wp\/v2\/comments?post=41266"}],"version-history":[{"count":0,"href":"https:\/\/pinews.com.br\/index.php\/wp-json\/wp\/v2\/posts\/41266\/revisions"}],"wp:featuredmedia":[{"embeddable":true,"href":"https:\/\/pinews.com.br\/index.php\/wp-json\/"}],"wp:attachment":[{"href":"https:\/\/pinews.com.br\/index.php\/wp-json\/wp\/v2\/media?parent=41266"}],"wp:term":[{"taxonomy":"category","embeddable":true,"href":"https:\/\/pinews.com.br\/index.php\/wp-json\/wp\/v2\/categories?post=41266"},{"taxonomy":"post_tag","embeddable":true,"href":"https:\/\/pinews.com.br\/index.php\/wp-json\/wp\/v2\/tags?post=41266"}],"curies":[{"name":"wp","href":"https:\/\/api.w.org\/{rel}","templated":true}]}}