{"id":41292,"date":"2022-12-10T18:16:51","date_gmt":"2022-12-10T21:16:51","guid":{"rendered":"https:\/\/pinews.com.br\/?p=41292"},"modified":"2022-12-10T18:16:51","modified_gmt":"2022-12-10T21:16:51","slug":"auxiliar-de-maquinista-morre-apos-colisao-entre-trem-e-caminhao-na-br-343-no-piaui","status":"publish","type":"post","link":"https:\/\/pinews.com.br\/index.php\/2022\/12\/10\/auxiliar-de-maquinista-morre-apos-colisao-entre-trem-e-caminhao-na-br-343-no-piaui\/","title":{"rendered":"Auxiliar de maquinista morre ap\u00f3s colis\u00e3o entre trem e caminh\u00e3o na BR-343, no Piau\u00ed"},"content":{"rendered":"\n<p>O auxiliar de maquinista de um trem identificado apenas como James Batista dos Santos , 42 anos, morreu em um grave acidente ocorrido na madrugada deste s\u00e1bado (10), na BR-343, no munic\u00edpio de Altos.<\/p>\n\n\n\n<p>De acordo com a Pol\u00edcia Rodovi\u00e1ria Federal (PRF), o trem colidiu contra um caminh\u00e3o. O trem estava vazio, mas o caminh\u00e3o transportava areia. O maquinista do trem foi encaminhado ao Hospital de Urg\u00eancia de Teresina (HUT), mas j\u00e1 recebeu alta. J\u00e1 o motorista do caminh\u00e3o se evadiu e, at\u00e9 agora, n\u00e3o foi localizado.<\/p>\n\n\n\n<figure class=\"wp-block-image\"><img decoding=\"async\" src=\"https:\/\/s2.glbimg.com\/Mcl6Y3OG0QhY_OGiVfuQiMslvKo=\/0x0:1280x960\/984x0\/smart\/filters:strip_icc()\/i.s3.glbimg.com\/v1\/AUTH_59edd422c0c84a879bd37670ae4f538a\/internal_photos\/bs\/2022\/6\/T\/e5kHYBT8iYTY6OQqGHXQ\/whatsapp-image-2022-12-10-at-08.55.43.jpeg\" alt=\"Trem envolvido no acidente \u2014 Foto: \u00c2ngela Bispo \/TV Clube\"\/><figcaption class=\"wp-element-caption\">Trem envolvido no acidente \u2014 Foto: \u00c2ngela Bispo \/TV Clube<\/figcaption><\/figure>\n\n\n\n<p>Funcion\u00e1rios de um posto de combust\u00edvel que fica nas proximidades do local onde ocorreu o acidente relataram que ouviram o barulho da colis\u00e3o por volta de 4h30. O caminh\u00e3o chegou a atingir uma barraca situada na rodovia, mas ningu\u00e9m se feriu. O corpo do maquinista que faleceu ficou preso nas ferragens e j\u00e1 foi retirado.<\/p>\n\n\n\n<p>Por causa do acidente, a BR-343 ficou parcialmente interditada e a pista foi totalmente liberada por volta das 15h20 . O tr\u00e2nsito est\u00e1 sendo controlado por agentes da PRF. Al\u00e9m da PRF, o Corpo de Bombeiros foi acionado para os procedimentos cab\u00edveis.<\/p>\n\n\n\n<figure class=\"wp-block-image\"><img decoding=\"async\" src=\"https:\/\/s2.glbimg.com\/XnVkqZUdrCrLltJmxr4x4sN9nyU=\/0x0:1280x960\/984x0\/smart\/filters:strip_icc()\/i.s3.glbimg.com\/v1\/AUTH_59edd422c0c84a879bd37670ae4f538a\/internal_photos\/bs\/2022\/X\/n\/8rm4sQSc2Bq97IdIy5Ig\/whatsapp-image-2022-12-10-at-08.55.47.jpeg\" alt=\"Maquinista morre ap\u00f3s colis\u00e3o entre trem e caminh\u00e3o \u2014 Foto: \u00c2ngela Bispo\/TV Clube\"\/><figcaption class=\"wp-element-caption\">Maquinista morre ap\u00f3s colis\u00e3o entre trem e caminh\u00e3o \u2014 Foto: \u00c2ngela Bispo\/TV Clube<\/figcaption><\/figure>\n\n\n\n<p>O trem pertencia \u00e0 Ferrovia Transnordestina que lamentou a morte do auxiliar de maquinista James Batista e assegurou que est\u00e1 dando todo o suporte \u00e0 fam\u00edlia da v\u00edtima. A ferrovia informou, atrav\u00e9s de nota, que uma comiss\u00e3o interna foi criada para apurar as circunst\u00e2ncias do acidente, mas, o que se sabe at\u00e9 agora \u00e9 que o motorista do caminh\u00e3o avan\u00e7ou a passagem em n\u00edvel, o que provocou a colis\u00e3o. <strong>Confira:<\/strong><\/p>\n\n\n\n<p><em>A Ferrovia Transnordestina lamenta profundamente a perda do auxiliar de maquinista James Batista dos Santos , 42 anos, em decorr\u00eancia de acidente ferrovi\u00e1rio pr\u00f3ximo a Teresina (PI). A empresa est\u00e1 dando todo suporte \u00e0 fam\u00edlia dele e se solidariza com os seus familiares e amigos. O maquinista foi socorrido e est\u00e1 em atendimento m\u00e9dico.<\/em><\/p>\n\n\n\n<p><em>J\u00e1 se sabe que o motorista da carreta avan\u00e7ou a passagem em n\u00edvel, provocando um choque violento com o trem de carga da FTL. Uma comiss\u00e3o interna foi criada para apurar todas as circunst\u00e2ncias do acidente.<\/em><\/p>\n\n\n\n<p><em>O local opera com todos os dispositivos de seguran\u00e7a determinados pela legisla\u00e7\u00e3o. Os trens reduzem a velocidade, acionam a buzina e os far\u00f3is na aproxima\u00e7\u00e3o com a passagem em n\u00edvel. O C\u00f3digo Brasileiro de Tr\u00e2nsito determina que todo condutor de ve\u00edculo rodovi\u00e1rio deve parar, olhar e escutar antes de transpor uma passagem em n\u00edvel.<\/em><\/p>\n\n\n\n<p><strong>Fonte: G1 PI <\/strong><\/p>\n","protected":false},"excerpt":{"rendered":"<p>O auxiliar de maquinista de um trem identificado apenas como James Batista dos Santos , 42 anos, morreu em um grave acidente ocorrido na madrugada deste s\u00e1bado (10), na BR-343, no munic\u00edpio de Altos. De acordo com a Pol\u00edcia Rodovi\u00e1ria Federal (PRF), o trem colidiu contra um caminh\u00e3o. O trem estava vazio, mas o caminh\u00e3o [&hellip;]<\/p>\n","protected":false},"author":1,"featured_media":41293,"comment_status":"open","ping_status":"open","sticky":false,"template":"","format":"standard","meta":{"beyondwords_generate_audio":"","beyondwords_project_id":"","beyondwords_podcast_id":"","beyondwords_hash":"","beyondwords_error_message":"","beyondwords_disabled":"","publish_post_to_speechkit":"","speechkit_generate_audio":"","speechkit_project_id":"","speechkit_podcast_id":"","speechkit_hash":"","speechkit_error_message":"","speechkit_disabled":"","speechkit_access_key":"","speechkit_error":"","speechkit_info":"","speechkit_response":"","speechkit_retries":"","_speechkit_link":"","_speechkit_text":""},"categories":[51],"tags":[70,6616,11051,188,256,44,178,11052,119,91,52,1625],"jetpack_featured_media_url":"","_links":{"self":[{"href":"https:\/\/pinews.com.br\/index.php\/wp-json\/wp\/v2\/posts\/41292"}],"collection":[{"href":"https:\/\/pinews.com.br\/index.php\/wp-json\/wp\/v2\/posts"}],"about":[{"href":"https:\/\/pinews.com.br\/index.php\/wp-json\/wp\/v2\/types\/post"}],"author":[{"embeddable":true,"href":"https:\/\/pinews.com.br\/index.php\/wp-json\/wp\/v2\/users\/1"}],"replies":[{"embeddable":true,"href":"https:\/\/pinews.com.br\/index.php\/wp-json\/wp\/v2\/comments?post=41292"}],"version-history":[{"count":0,"href":"https:\/\/pinews.com.br\/index.php\/wp-json\/wp\/v2\/posts\/41292\/revisions"}],"wp:featuredmedia":[{"embeddable":true,"href":"https:\/\/pinews.com.br\/index.php\/wp-json\/"}],"wp:attachment":[{"href":"https:\/\/pinews.com.br\/index.php\/wp-json\/wp\/v2\/media?parent=41292"}],"wp:term":[{"taxonomy":"category","embeddable":true,"href":"https:\/\/pinews.com.br\/index.php\/wp-json\/wp\/v2\/categories?post=41292"},{"taxonomy":"post_tag","embeddable":true,"href":"https:\/\/pinews.com.br\/index.php\/wp-json\/wp\/v2\/tags?post=41292"}],"curies":[{"name":"wp","href":"https:\/\/api.w.org\/{rel}","templated":true}]}}