{"id":41307,"date":"2022-12-11T11:36:50","date_gmt":"2022-12-11T14:36:50","guid":{"rendered":"https:\/\/pinews.com.br\/?p=41307"},"modified":"2022-12-11T11:36:50","modified_gmt":"2022-12-11T14:36:50","slug":"homem-e-morto-com-facada-no-peito-em-via-publica-no-litoral-do-piaui","status":"publish","type":"post","link":"https:\/\/pinews.com.br\/index.php\/2022\/12\/11\/homem-e-morto-com-facada-no-peito-em-via-publica-no-litoral-do-piaui\/","title":{"rendered":"Homem \u00e9 morto com facada no peito em via p\u00fablica no litoral do Piau\u00ed"},"content":{"rendered":"\n<p>Mais um homic\u00eddio foi registrado na cidade de Parna\u00edba. Na noite de s\u00e1bado (10), um homem identificado como Ant\u00f4nio Francisco Pereira Gomes foi assassinado com golpes de faca em via p\u00fablica no bairro Dirceu Arcoverde, no litoral do Piau\u00ed. A motiva\u00e7\u00e3o do homic\u00eddio ainda \u00e9 desconhecida.<\/p>\n\n\n\n<p>Conforme os policiais do 2\u00ba Batalh\u00e3o da Pol\u00edcia Militar do Piau\u00ed, o crime ocorreu por volta das 21h. Ao chegar no local, a equipe encontrarou a v\u00edtima com ferimentos de arma branca no peito.<\/p>\n\n\n\n<p>O Servi\u00e7o de Atendimento M\u00f3vel de Urg\u00eancia (SAMU) foi acionado para realizar os primeiros socorros, mas a v\u00edtima acabou falecendo &nbsp;antes de ser encaminhado ao Hospital Estadual Dirceu Arcoverde.<\/p>\n\n\n\n<p>Os militarres realizaram dilig\u00eancias no intuito de encontrar o suspeito do crime, mas at\u00e9 o momento ningu\u00e9m foi capturado. <\/p>\n\n\n\n<p>A Delegacia de Homic\u00eddio, Tr\u00e1fico de Drogas e Latroc\u00ednio (DHTL), ficar\u00e1 respons\u00e1vel por investigar o crime.<\/p>\n\n\n\n<p><strong>Fonte: Meio Norte <\/strong><\/p>\n","protected":false},"excerpt":{"rendered":"<p>Mais um homic\u00eddio foi registrado na cidade de Parna\u00edba. Na noite de s\u00e1bado (10), um homem identificado como Ant\u00f4nio Francisco Pereira Gomes foi assassinado com golpes de faca em via p\u00fablica no bairro Dirceu Arcoverde, no litoral do Piau\u00ed. A motiva\u00e7\u00e3o do homic\u00eddio ainda \u00e9 desconhecida. Conforme os policiais do 2\u00ba Batalh\u00e3o da Pol\u00edcia Militar [&hellip;]<\/p>\n","protected":false},"author":1,"featured_media":41308,"comment_status":"open","ping_status":"open","sticky":false,"template":"","format":"standard","meta":{"beyondwords_generate_audio":"","beyondwords_project_id":"","beyondwords_podcast_id":"","beyondwords_hash":"","beyondwords_error_message":"","beyondwords_disabled":"","publish_post_to_speechkit":"","speechkit_generate_audio":"","speechkit_project_id":"","speechkit_podcast_id":"","speechkit_hash":"","speechkit_error_message":"","speechkit_disabled":"","speechkit_access_key":"","speechkit_error":"","speechkit_info":"","speechkit_response":"","speechkit_retries":"","_speechkit_link":"","_speechkit_text":""},"categories":[51,78],"tags":[72,46,1264,84,202,197,525,52,128],"jetpack_featured_media_url":"","_links":{"self":[{"href":"https:\/\/pinews.com.br\/index.php\/wp-json\/wp\/v2\/posts\/41307"}],"collection":[{"href":"https:\/\/pinews.com.br\/index.php\/wp-json\/wp\/v2\/posts"}],"about":[{"href":"https:\/\/pinews.com.br\/index.php\/wp-json\/wp\/v2\/types\/post"}],"author":[{"embeddable":true,"href":"https:\/\/pinews.com.br\/index.php\/wp-json\/wp\/v2\/users\/1"}],"replies":[{"embeddable":true,"href":"https:\/\/pinews.com.br\/index.php\/wp-json\/wp\/v2\/comments?post=41307"}],"version-history":[{"count":0,"href":"https:\/\/pinews.com.br\/index.php\/wp-json\/wp\/v2\/posts\/41307\/revisions"}],"wp:featuredmedia":[{"embeddable":true,"href":"https:\/\/pinews.com.br\/index.php\/wp-json\/"}],"wp:attachment":[{"href":"https:\/\/pinews.com.br\/index.php\/wp-json\/wp\/v2\/media?parent=41307"}],"wp:term":[{"taxonomy":"category","embeddable":true,"href":"https:\/\/pinews.com.br\/index.php\/wp-json\/wp\/v2\/categories?post=41307"},{"taxonomy":"post_tag","embeddable":true,"href":"https:\/\/pinews.com.br\/index.php\/wp-json\/wp\/v2\/tags?post=41307"}],"curies":[{"name":"wp","href":"https:\/\/api.w.org\/{rel}","templated":true}]}}