{"id":41614,"date":"2022-12-19T17:42:45","date_gmt":"2022-12-19T20:42:45","guid":{"rendered":"https:\/\/pinews.com.br\/?p=41614"},"modified":"2022-12-19T17:42:45","modified_gmt":"2022-12-19T20:42:45","slug":"juiz-manda-prefeito-cancelar-show-de-r-70-mil-e-cita-risco-critico-de-escola-desabar-no-piaui","status":"publish","type":"post","link":"https:\/\/pinews.com.br\/index.php\/2022\/12\/19\/juiz-manda-prefeito-cancelar-show-de-r-70-mil-e-cita-risco-critico-de-escola-desabar-no-piaui\/","title":{"rendered":"Juiz manda prefeito cancelar show de R$ 70 mil e cita \u201crisco cr\u00edtico\u201d de escola desabar no Piau\u00ed"},"content":{"rendered":"\n<p>O juiz Rodolfo Ferreira Lavor Rodrigues da Cruz, da Vara \u00danica da Comarca de Marcos Parente \u2013 PI, concedeu na manh\u00e3 desta segunda-feira (19) liminar a pedido do Minist\u00e9rio P\u00fablico do Estado do Piau\u00ed (MP-PI), no \u00e2mbito de uma a\u00e7\u00e3o civil p\u00fablica, e determinou o cancelamento do show de Washington Brasileiro que aconteceria no dia 28 de dezembro, no anivers\u00e1rio da cidade. <\/p>\n\n\n\n<p>De acordo com o magistrado, o&nbsp;Minist\u00e9rio P\u00fablico alegou que o prefeito Gedison Alves Rodrigues contratou o artista com&nbsp;\u201csobrepre\u00e7o\u201d \u2013 e de maneira desproporcional&nbsp;\u201centre os custos do evento com a situa\u00e7\u00e3o econ\u00f4mica e financeira do munic\u00edpio de Marcos Parente\/PI\u201d&nbsp;\u2013 no importe de R$ 70.000,00. O juiz analisou que&nbsp;\u201co pre\u00e7o constante no contrato, se comparado ao praticado em outros munic\u00edpios, est\u00e1 muito al\u00e9m daqueles praticados no mercado\u201d.&nbsp;<\/p>\n\n\n\n<p>Ainda segundo o juiz, h\u00e1 um outro ponto relevante e contradit\u00f3rio para quem almeja bancar a festan\u00e7a, uma&nbsp;escola corre o&nbsp;\u201crisco cr\u00edtico de desabamento da cobertura\u201d.&nbsp;<\/p>\n\n\n\n<p>\u201cH\u00e1, ainda, no Munic\u00edpio de Marcos Parente, diversos servi\u00e7os p\u00fablicos de car\u00e1ter essencial que est\u00e3o em situa\u00e7\u00e3o de defici\u00eancia em sua presta\u00e7\u00e3o, a exemplo da situa\u00e7\u00e3o calamitosa em que se encontram alguns pr\u00e9dios escolares, como a Unidade Escolar Manoel Mont\u00f3rio, que apresenta risco cr\u00edtico de desabamento da cobertura, bem como a exist\u00eancia de vias p\u00fablicas ainda n\u00e3o pavimentadas ou cal\u00e7adas\u201d.<\/p>\n\n\n\n<p>O magistrado tamb\u00e9m citou que foram colacionadas aos autos \u201cinforma\u00e7\u00f5es referentes \u00e0 defici\u00eancia na presta\u00e7\u00e3o de servi\u00e7o p\u00fablico em rela\u00e7\u00e3o \u00e0s a\u00e7\u00f5es de prote\u00e7\u00e3o e amparo \u00e0s crian\u00e7as e adolescentes, ao ponto do pr\u00f3prio \u00d3rg\u00e3o Ministerial precisar apurar, por procedimento interno\/extrajudicial, as condi\u00e7\u00f5es de funcionamento do Conselho Tutelar local\u201d.<\/p>\n\n\n\n<p>&#8220;Nessa trilha, pelas informa\u00e7\u00f5es trazidas aos autos pelo Parquet, verifica-se que o m\u00ednimo necess\u00e1rio \u00e0 popula\u00e7\u00e3o ainda n\u00e3o est\u00e1 sendo oferecido a contento, ante a aus\u00eancia de infraestrutura para as escolas do munic\u00edpio, aus\u00eancia de investimentos maci\u00e7os para o desenvolvimento social, entre outros, o que denota uma clara demonstra\u00e7\u00e3o da necessidade de razoabilidade na aplica\u00e7\u00e3o dos servi\u00e7os p\u00fablicos e, principalmente, das verbas p\u00fablicas, cabendo \u00e0 Administra\u00e7\u00e3o P\u00fablica Municipal zelar diuturnamente pela efici\u00eancia e efic\u00e1cia, sobretudo em rela\u00e7\u00e3o ao uso daquelas, preferencialmente se utilizando de estrat\u00e9gias e a\u00e7\u00f5es para o alcance das necessidades b\u00e1sicas e priorit\u00e1rias da popula\u00e7\u00e3o\u201d, acresce a decis\u00e3o.<\/p>\n\n\n\n<p>Rodolfo Ferreira Lavor Rodrigues da Cruz&nbsp;sustentou ainda&nbsp;que h\u00e1&nbsp;\u201csuspeita de irregularidades nos gastos com a organiza\u00e7\u00e3o do show\u201d&nbsp;e afirmou que&nbsp;\u201cempregar verbas p\u00fablicas em evento dessa natureza, em detrimento de servi\u00e7os p\u00fablicos essenciais de atribui\u00e7\u00e3o do munic\u00edpio, contraria a efici\u00eancia no trato com a coisa p\u00fablica, causando les\u00e3o \u00e0 ordem p\u00fablica e \u00e0 economia administrativa\u201d, em tom de alerta \u00e0 gest\u00e3o do prefeito Gedison Alves Rodrigues.&nbsp;<\/p>\n\n\n\n<p>Na decis\u00e3o liminar&nbsp;foi determinado que seja&nbsp;\u201crevogado imediatamente eventuais alvar\u00e1s (ou quaisquer outros atos administrativos com id\u00eantico efeito autorizativo) expedidos para a realiza\u00e7\u00e3o do espec\u00edfico evento musical\u201d&nbsp;e&nbsp;\u201cque n\u00e3o se realize qualquer pagamento atinente ao contrato firmado, inclusive gastos acess\u00f3rios como montagem de palco especial, ilumina\u00e7\u00e3o, som, recep\u00e7\u00e3o, alimenta\u00e7\u00e3o, hospedagem, abastecimento de ve\u00edculos de artistas ou pessoal de apoio, dentre outros, para a apresenta\u00e7\u00e3o em quest\u00e3o, sob pena de&nbsp;aplica\u00e7\u00e3o de multa pessoal,&nbsp;em caso de realiza\u00e7\u00e3o da apresenta\u00e7\u00e3o ora suspensa, no montante de R$ 200.000,00 (duzentos mil reais)\u201d&nbsp;ao prefeito Gedison Alves Rodrigues.&nbsp;<\/p>\n\n\n\n<p>Tamb\u00e9m foi determinada&nbsp;pela autoridade judicial a&nbsp;\u201cexpedi\u00e7\u00e3o de of\u00edcios \u00e0 Pol\u00edcia Militar e \u00e0 Pol\u00edcia Civil, com informa\u00e7\u00e3o acerca desta decis\u00e3o, com o prop\u00f3sito de conhecimento, fornecimento de apoio ao cumprimento das medidas, bem como efetiva fiscaliza\u00e7\u00e3o do cumprimento desta\u201d.&nbsp;<\/p>\n\n\n\n<p>Segundo o Minist\u00e9rio P\u00fablico, a contrata\u00e7\u00e3o ocorreu atrav\u00e9s da empresa WR Produ\u00e7\u00f5es Art\u00edsticas e Musicais LTDA, no valor global de R$ 70.000,00, realizada por meio de contrata\u00e7\u00e3o direta\/inexigibilidade de licita\u00e7\u00e3o, nos termos previstos no art. 25 da Lei de Licita\u00e7\u00f5es.<\/p>\n\n\n\n<p>O MP destacou que o munic\u00edpio, aparentemente, deixou intencionalmente de prestar as informa\u00e7\u00f5es, mesmo ap\u00f3s a primeira solicita\u00e7\u00e3o oficial a respeito da programa\u00e7\u00e3o dos festejos de anivers\u00e1rio de Marcos Parente\/PI, \u201cparecendo, inclusive, ter postergado a publica\u00e7\u00e3o do contrato no Di\u00e1rio Oficial dos Munic\u00edpios\u201d.<\/p>\n\n\n\n<p>A Promotoria de Justi\u00e7a de Marcos Parente\/PI chegou a emitir&nbsp;recomenda\u00e7\u00e3o ao munic\u00edpio, visando a suspens\u00e3o da contrata\u00e7\u00e3o de Washington Brasileiro, o que n\u00e3o foi acatado.<\/p>\n\n\n\n<p>Diante da recusa em atender a recomenda\u00e7\u00e3o, requereu a tutela de urg\u00eancia para que fosse&nbsp;determinada a suspens\u00e3o da contrata\u00e7\u00e3o e a n\u00e3o realiza\u00e7\u00e3o do show do artista \u201cdiante dos altos valores a serem pagos em decorr\u00eancia da referida contrata\u00e7\u00e3o e inobserv\u00e2ncia de prescri\u00e7\u00f5es legais quanto \u00e0 contrata\u00e7\u00e3o\u201d.&nbsp;<\/p>\n\n\n\n<p>O magistrado autor da decis\u00e3o ainda&nbsp;determinou ao munic\u00edpio de Marcos Parente \u201cque adote todas as provid\u00eancias, no prazo de 24h (vinte e quatro horas), a contar da intima\u00e7\u00e3o, para fazer constar, na p\u00e1gina principal do seu s\u00edtio eletr\u00f4nico, aviso de cancelamento do show, a fim de conferir a publicidade necess\u00e1ria \u00e0 popula\u00e7\u00e3o local, a qual, legitimamente, possui o direito de ser informada dos atos de interesse p\u00fablico\u201d.<\/p>\n\n\n\n<figure class=\"wp-block-image\"><img decoding=\"async\" src=\"https:\/\/storage.stwonline.com.br\/180graus\/media\/image_bank\/2022\/12\/_prefeito-gedison-alves-rodrigues_-8694469379360087052.jpg\" alt=\"_Prefeito Gedison Alves Rodrigues\"\/><figcaption class=\"wp-element-caption\"><em>_Prefeito Gedison Alves Rodrigues<\/em><\/figcaption><\/figure>\n\n\n\n<p><strong>Fonte: 180Graus<\/strong><\/p>\n","protected":false},"excerpt":{"rendered":"<p>O juiz Rodolfo Ferreira Lavor Rodrigues da Cruz, da Vara \u00danica da Comarca de Marcos Parente \u2013 PI, concedeu na manh\u00e3 desta segunda-feira (19) liminar a pedido do Minist\u00e9rio P\u00fablico do Estado do Piau\u00ed (MP-PI), no \u00e2mbito de uma a\u00e7\u00e3o civil p\u00fablica, e determinou o cancelamento do show de Washington Brasileiro que aconteceria no dia [&hellip;]<\/p>\n","protected":false},"author":1,"featured_media":41615,"comment_status":"open","ping_status":"open","sticky":false,"template":"","format":"standard","meta":{"beyondwords_generate_audio":"","beyondwords_project_id":"","beyondwords_podcast_id":"","beyondwords_hash":"","beyondwords_error_message":"","beyondwords_disabled":"","publish_post_to_speechkit":"","speechkit_generate_audio":"","speechkit_project_id":"","speechkit_podcast_id":"","speechkit_hash":"","speechkit_error_message":"","speechkit_disabled":"","speechkit_access_key":"","speechkit_error":"","speechkit_info":"","speechkit_response":"","speechkit_retries":"","_speechkit_link":"","_speechkit_text":""},"categories":[51],"tags":[6231,10189,10120,10135,44,4232,1425,1382,7931,109,52,889,1356,631],"jetpack_featured_media_url":"","_links":{"self":[{"href":"https:\/\/pinews.com.br\/index.php\/wp-json\/wp\/v2\/posts\/41614"}],"collection":[{"href":"https:\/\/pinews.com.br\/index.php\/wp-json\/wp\/v2\/posts"}],"about":[{"href":"https:\/\/pinews.com.br\/index.php\/wp-json\/wp\/v2\/types\/post"}],"author":[{"embeddable":true,"href":"https:\/\/pinews.com.br\/index.php\/wp-json\/wp\/v2\/users\/1"}],"replies":[{"embeddable":true,"href":"https:\/\/pinews.com.br\/index.php\/wp-json\/wp\/v2\/comments?post=41614"}],"version-history":[{"count":0,"href":"https:\/\/pinews.com.br\/index.php\/wp-json\/wp\/v2\/posts\/41614\/revisions"}],"wp:featuredmedia":[{"embeddable":true,"href":"https:\/\/pinews.com.br\/index.php\/wp-json\/"}],"wp:attachment":[{"href":"https:\/\/pinews.com.br\/index.php\/wp-json\/wp\/v2\/media?parent=41614"}],"wp:term":[{"taxonomy":"category","embeddable":true,"href":"https:\/\/pinews.com.br\/index.php\/wp-json\/wp\/v2\/categories?post=41614"},{"taxonomy":"post_tag","embeddable":true,"href":"https:\/\/pinews.com.br\/index.php\/wp-json\/wp\/v2\/tags?post=41614"}],"curies":[{"name":"wp","href":"https:\/\/api.w.org\/{rel}","templated":true}]}}