{"id":41642,"date":"2022-12-20T21:03:58","date_gmt":"2022-12-21T00:03:58","guid":{"rendered":"https:\/\/pinews.com.br\/?p=41642"},"modified":"2022-12-20T21:03:58","modified_gmt":"2022-12-21T00:03:58","slug":"arvore-de-natal-feita-com-400-redes-de-dormir-vira-atracao-em-cidade-do-piaui","status":"publish","type":"post","link":"https:\/\/pinews.com.br\/index.php\/2022\/12\/20\/arvore-de-natal-feita-com-400-redes-de-dormir-vira-atracao-em-cidade-do-piaui\/","title":{"rendered":"\u00c1rvore de Natal feita com 400 redes de dormir vira atra\u00e7\u00e3o em cidade do Piau\u00ed"},"content":{"rendered":"\n<p>A \u00e1rvore de natal instalada em Pedro II chama aten\u00e7\u00e3o pelo design diferente, mas que reflete a tradi\u00e7\u00e3o, cultura e artesanato local. Conhecida nacionalmente como \u201cTerra da Rede\u201d, Pedro II recebeu a decora\u00e7\u00e3o constru\u00edda a partir de 400 redes brancas, 35kg de punho e 800 grades feitas \u00e0 m\u00e3o.<\/p>\n\n\n\n<p>Toda a produ\u00e7\u00e3o foi realizada por artes\u00f5es pedrossegundenses e com mat\u00e9ria-prima local. A estrutura de 15 metros de altura est\u00e1 exposta na Pra\u00e7a da Bonelle, Centro de Pedro II.<\/p>\n\n\n\n<p>A Prefeitura de Pedro II divulgou a programa\u00e7\u00e3o, com uma s\u00e9rie de atividades que acontecer\u00e3o nas principais pra\u00e7as da cidade. Para este ano, o tema escolhido foi: Natal Luz de Cantos e Encantos da Su\u00ed\u00e7a Piauiense. A abertura oficial aconteceu nesta segunda-feira (19).<\/p>\n\n\n\n<p>De acordo com a prefeita Betinha Brand\u00e3o, a festividade conta com cinco noites de celebra\u00e7\u00e3o bem diversificada. \u201cPreparamos, com muito carinho, uma programa\u00e7\u00e3o com m\u00fasica, corais natalinos, dan\u00e7a, comitiva e casa do Papai Noel, para que nossa cidade celebre a magia do Natal\u201d, completa.<\/p>\n\n\n\n<p>A abertura oficial aconteceu na pra\u00e7a Nogueira Lima (Bonelle), com a apresenta\u00e7\u00e3o da Banda Mestre Alessandro, a comitiva do Papai Noel e a Junina Bag Dance, que percorreram a Avenida Coronel Cordeiro.<\/p>\n\n\n\n<figure class=\"wp-block-image\"><img decoding=\"async\" src=\"https:\/\/www.piauiemfoco.com.br\/wp-content\/uploads\/2022\/12\/7aba3776bfbbdbb78653f88553686b344a0dc78b-696x1024.jpg\" alt=\"\" class=\"wp-image-286329\"\/><\/figure>\n\n\n\n<p><strong>Fonte: Portal P2<\/strong><\/p>\n","protected":false},"excerpt":{"rendered":"<p>A \u00e1rvore de natal instalada em Pedro II chama aten\u00e7\u00e3o pelo design diferente, mas que reflete a tradi\u00e7\u00e3o, cultura e artesanato local. Conhecida nacionalmente como \u201cTerra da Rede\u201d, Pedro II recebeu a decora\u00e7\u00e3o constru\u00edda a partir de 400 redes brancas, 35kg de punho e 800 grades feitas \u00e0 m\u00e3o. Toda a produ\u00e7\u00e3o foi realizada por [&hellip;]<\/p>\n","protected":false},"author":1,"featured_media":41643,"comment_status":"open","ping_status":"open","sticky":false,"template":"","format":"standard","meta":{"beyondwords_generate_audio":"","beyondwords_project_id":"","beyondwords_podcast_id":"","beyondwords_hash":"","beyondwords_error_message":"","beyondwords_disabled":"","publish_post_to_speechkit":"","speechkit_generate_audio":"","speechkit_project_id":"","speechkit_podcast_id":"","speechkit_hash":"","speechkit_error_message":"","speechkit_disabled":"","speechkit_access_key":"","speechkit_error":"","speechkit_info":"","speechkit_response":"","speechkit_retries":"","_speechkit_link":"","_speechkit_text":""},"categories":[51],"tags":[5696,441,11075,63,44,116,46,269,7070,52,429,1651],"jetpack_featured_media_url":"","_links":{"self":[{"href":"https:\/\/pinews.com.br\/index.php\/wp-json\/wp\/v2\/posts\/41642"}],"collection":[{"href":"https:\/\/pinews.com.br\/index.php\/wp-json\/wp\/v2\/posts"}],"about":[{"href":"https:\/\/pinews.com.br\/index.php\/wp-json\/wp\/v2\/types\/post"}],"author":[{"embeddable":true,"href":"https:\/\/pinews.com.br\/index.php\/wp-json\/wp\/v2\/users\/1"}],"replies":[{"embeddable":true,"href":"https:\/\/pinews.com.br\/index.php\/wp-json\/wp\/v2\/comments?post=41642"}],"version-history":[{"count":0,"href":"https:\/\/pinews.com.br\/index.php\/wp-json\/wp\/v2\/posts\/41642\/revisions"}],"wp:featuredmedia":[{"embeddable":true,"href":"https:\/\/pinews.com.br\/index.php\/wp-json\/"}],"wp:attachment":[{"href":"https:\/\/pinews.com.br\/index.php\/wp-json\/wp\/v2\/media?parent=41642"}],"wp:term":[{"taxonomy":"category","embeddable":true,"href":"https:\/\/pinews.com.br\/index.php\/wp-json\/wp\/v2\/categories?post=41642"},{"taxonomy":"post_tag","embeddable":true,"href":"https:\/\/pinews.com.br\/index.php\/wp-json\/wp\/v2\/tags?post=41642"}],"curies":[{"name":"wp","href":"https:\/\/api.w.org\/{rel}","templated":true}]}}