{"id":41666,"date":"2022-12-21T11:26:26","date_gmt":"2022-12-21T14:26:26","guid":{"rendered":"https:\/\/pinews.com.br\/?p=41666"},"modified":"2022-12-21T11:26:26","modified_gmt":"2022-12-21T14:26:26","slug":"jovem-de-22-anos-natural-de-betania-do-piaui-morre-apos-sofrer-acidente-em-goias","status":"publish","type":"post","link":"https:\/\/pinews.com.br\/index.php\/2022\/12\/21\/jovem-de-22-anos-natural-de-betania-do-piaui-morre-apos-sofrer-acidente-em-goias\/","title":{"rendered":"Jovem de 22 anos, natural de Bet\u00e2nia do Piau\u00ed, morre ap\u00f3s sofrer acidente em Goi\u00e1s"},"content":{"rendered":"\n<p>Um jovem identificado como Apoliel da Silva, de 22 anos de idade, natural de Bet\u00e2nia do Piau\u00ed, morreu nesta ter\u00e7a-feira (20), ap\u00f3s cerca de 08 dias internado em um hospital no estado de Goi\u00e1s.<\/p>\n\n\n\n<p>O mesmo havia sofrido um acidente automobil\u00edstico no dia 13 de dezembro. Segundo informa\u00e7\u00f5es de familiares, Apoliel retornava para casa quando teria perdido o controle do ve\u00edculo e batido a cabe\u00e7a em uma \u00e1rvore, em uma rodovia localizada na cidade de Itapaci-GO. Chovia momento do acidente.<\/p>\n\n\n\n<p>O jovem \u00e9 filho de Maria Ivonete e Apol\u00f4nio, que residem na cidade de Bet\u00e2nia do Piau\u00ed. At\u00e9 o fechamento desta mat\u00e9ria, ainda n\u00e3o havia informa\u00e7\u00f5es sobre o vel\u00f3rio, apenas que a fam\u00edlia estaria aguardando a libera\u00e7\u00e3o do corpo no IML para tomar as provid\u00eancias cab\u00edveis e decidir sobre o translado para o Piau\u00ed.<\/p>\n\n\n\n<p>Os moradores da cidade de Bet\u00e2nia do Piau\u00ed e regi\u00e3o ficaram comovidos com a perda prematura do jovem. Por meio das redes sociais, familiares e amigos lamentaram a sua morte.<\/p>\n\n\n\n<p><strong>Fonte: Di\u00e1rio do Itaim<\/strong><\/p>\n","protected":false},"excerpt":{"rendered":"<p>Um jovem identificado como Apoliel da Silva, de 22 anos de idade, natural de Bet\u00e2nia do Piau\u00ed, morreu nesta ter\u00e7a-feira (20), ap\u00f3s cerca de 08 dias internado em um hospital no estado de Goi\u00e1s. O mesmo havia sofrido um acidente automobil\u00edstico no dia 13 de dezembro. Segundo informa\u00e7\u00f5es de familiares, Apoliel retornava para casa quando [&hellip;]<\/p>\n","protected":false},"author":1,"featured_media":41667,"comment_status":"open","ping_status":"open","sticky":false,"template":"","format":"standard","meta":{"beyondwords_generate_audio":"","beyondwords_project_id":"","beyondwords_podcast_id":"","beyondwords_hash":"","beyondwords_error_message":"","beyondwords_disabled":"","publish_post_to_speechkit":"","speechkit_generate_audio":"","speechkit_project_id":"","speechkit_podcast_id":"","speechkit_hash":"","speechkit_error_message":"","speechkit_disabled":"","speechkit_access_key":"","speechkit_error":"","speechkit_info":"","speechkit_response":"","speechkit_retries":"","_speechkit_link":"","_speechkit_text":""},"categories":[51],"tags":[522,176,82,70,5489,44,46,797,266,119,482,52,354],"jetpack_featured_media_url":"","_links":{"self":[{"href":"https:\/\/pinews.com.br\/index.php\/wp-json\/wp\/v2\/posts\/41666"}],"collection":[{"href":"https:\/\/pinews.com.br\/index.php\/wp-json\/wp\/v2\/posts"}],"about":[{"href":"https:\/\/pinews.com.br\/index.php\/wp-json\/wp\/v2\/types\/post"}],"author":[{"embeddable":true,"href":"https:\/\/pinews.com.br\/index.php\/wp-json\/wp\/v2\/users\/1"}],"replies":[{"embeddable":true,"href":"https:\/\/pinews.com.br\/index.php\/wp-json\/wp\/v2\/comments?post=41666"}],"version-history":[{"count":0,"href":"https:\/\/pinews.com.br\/index.php\/wp-json\/wp\/v2\/posts\/41666\/revisions"}],"wp:featuredmedia":[{"embeddable":true,"href":"https:\/\/pinews.com.br\/index.php\/wp-json\/"}],"wp:attachment":[{"href":"https:\/\/pinews.com.br\/index.php\/wp-json\/wp\/v2\/media?parent=41666"}],"wp:term":[{"taxonomy":"category","embeddable":true,"href":"https:\/\/pinews.com.br\/index.php\/wp-json\/wp\/v2\/categories?post=41666"},{"taxonomy":"post_tag","embeddable":true,"href":"https:\/\/pinews.com.br\/index.php\/wp-json\/wp\/v2\/tags?post=41666"}],"curies":[{"name":"wp","href":"https:\/\/api.w.org\/{rel}","templated":true}]}}