{"id":41736,"date":"2022-12-24T11:08:48","date_gmt":"2022-12-24T14:08:48","guid":{"rendered":"https:\/\/pinews.com.br\/?p=41736"},"modified":"2023-05-15T23:00:04","modified_gmt":"2023-05-16T02:00:04","slug":"tite-e-assaltado-e-leva-bronca-de-bandido-por-eliminacao-na-copa","status":"publish","type":"post","link":"https:\/\/pinews.com.br\/index.php\/2022\/12\/24\/tite-e-assaltado-e-leva-bronca-de-bandido-por-eliminacao-na-copa\/","title":{"rendered":"Tite \u00e9 assaltado e leva bronca de bandido por elimina\u00e7\u00e3o na Copa"},"content":{"rendered":"\n<p>O t\u00e9cnico Tite foi assaltado no Rio de Janeiro e levou um &#8220;pux\u00e3o de orelha&#8221; do bandido por ter perdido a Copa do Mundo do Qatar com a sele\u00e7\u00e3o brasileira. A informa\u00e7\u00e3o \u00e9 do jornal &#8216;O Globo&#8217;.<\/p>\n\n\n\n<p>Tite foi v\u00edtima de um assalto enquanto caminhava, por volta das 6h da manh\u00e3, na Barra da Tijuca, conforme noticiou o jornalista Anselmo Gois. O t\u00e9cnico teve um cord\u00e3o furtado e tomou uma bronca do bandido, que reclamou do resultado do Brasil no Mundial do Qatar.<\/p>\n\n\n\n<p>At\u00e9 o momento, Tite ainda n\u00e3o se pronunciou sobre o ocorrido. O treinador est\u00e1 recluso com a fam\u00edlia no Rio de Janeiro desde que chegou ao pa\u00eds depois da elimina\u00e7\u00e3o da sele\u00e7\u00e3o para a Cro\u00e1cia, nas quartas de final.<\/p>\n\n\n\n<p><strong>Fonte: Folhapress<\/strong><\/p>\n","protected":false},"excerpt":{"rendered":"<p>O t\u00e9cnico Tite foi assaltado no Rio de Janeiro e levou um &#8220;pux\u00e3o de orelha&#8221; do bandido por ter perdido a Copa do Mundo do Qatar com a sele\u00e7\u00e3o brasileira. A informa\u00e7\u00e3o \u00e9 do jornal &#8216;O Globo&#8217;. Tite foi v\u00edtima de um assalto enquanto caminhava, por volta das 6h da manh\u00e3, na Barra da Tijuca, [&hellip;]<\/p>\n","protected":false},"author":1,"featured_media":48129,"comment_status":"open","ping_status":"open","sticky":false,"template":"","format":"standard","meta":{"beyondwords_generate_audio":"","beyondwords_project_id":"","beyondwords_podcast_id":"","beyondwords_hash":"","beyondwords_error_message":"","beyondwords_disabled":"","publish_post_to_speechkit":"","speechkit_generate_audio":"","speechkit_project_id":"","speechkit_podcast_id":"","speechkit_hash":"","speechkit_error_message":"","speechkit_disabled":"","speechkit_access_key":"","speechkit_error":"","speechkit_info":"","speechkit_response":"","speechkit_retries":"","_speechkit_link":"","_speechkit_text":""},"categories":[1189,134],"tags":[9542,1564,11084,8453,44,72,11085,924,91,59,11030],"jetpack_featured_media_url":"https:\/\/pinews.com.br\/wp-content\/uploads\/2022\/12\/3f10e79ba40f6c50dd1511f2940a471e-696x464-1.jpg","_links":{"self":[{"href":"https:\/\/pinews.com.br\/index.php\/wp-json\/wp\/v2\/posts\/41736"}],"collection":[{"href":"https:\/\/pinews.com.br\/index.php\/wp-json\/wp\/v2\/posts"}],"about":[{"href":"https:\/\/pinews.com.br\/index.php\/wp-json\/wp\/v2\/types\/post"}],"author":[{"embeddable":true,"href":"https:\/\/pinews.com.br\/index.php\/wp-json\/wp\/v2\/users\/1"}],"replies":[{"embeddable":true,"href":"https:\/\/pinews.com.br\/index.php\/wp-json\/wp\/v2\/comments?post=41736"}],"version-history":[{"count":1,"href":"https:\/\/pinews.com.br\/index.php\/wp-json\/wp\/v2\/posts\/41736\/revisions"}],"predecessor-version":[{"id":48130,"href":"https:\/\/pinews.com.br\/index.php\/wp-json\/wp\/v2\/posts\/41736\/revisions\/48130"}],"wp:featuredmedia":[{"embeddable":true,"href":"https:\/\/pinews.com.br\/index.php\/wp-json\/wp\/v2\/media\/48129"}],"wp:attachment":[{"href":"https:\/\/pinews.com.br\/index.php\/wp-json\/wp\/v2\/media?parent=41736"}],"wp:term":[{"taxonomy":"category","embeddable":true,"href":"https:\/\/pinews.com.br\/index.php\/wp-json\/wp\/v2\/categories?post=41736"},{"taxonomy":"post_tag","embeddable":true,"href":"https:\/\/pinews.com.br\/index.php\/wp-json\/wp\/v2\/tags?post=41736"}],"curies":[{"name":"wp","href":"https:\/\/api.w.org\/{rel}","templated":true}]}}