{"id":41783,"date":"2022-12-25T20:59:41","date_gmt":"2022-12-25T23:59:41","guid":{"rendered":"https:\/\/pinews.com.br\/?p=41783"},"modified":"2022-12-25T20:59:41","modified_gmt":"2022-12-25T23:59:41","slug":"homem-e-encontrado-morto-dentro-de-corrego-no-piaui","status":"publish","type":"post","link":"https:\/\/pinews.com.br\/index.php\/2022\/12\/25\/homem-e-encontrado-morto-dentro-de-corrego-no-piaui\/","title":{"rendered":"Homem \u00e9 encontrado morto dentro de c\u00f3rrego no Piau\u00ed"},"content":{"rendered":"\n<p>Um homem morreu afogado ap\u00f3s ser arrastado pela \u00e1gua para dentro de um bueiro no bairro Vila Irm\u00e3 Dulce, na Zona Sul de Teresina, neste domingo (25). O homem foi identificado como Weslley Silva, de 24 anos. A principal hip\u00f3tese sobre o que teria acontecido \u00e9 de que ele tenha sido arrastado pela chuva e afogado.<\/p>\n\n\n\n<p>Segundo amigos de Weslley, ele foi visto pela \u00faltima vez ap\u00f3s sair da casa da companheira, por volta das 19h de s\u00e1bado (24), e desde ent\u00e3o estava desaparecido. Na noite de s\u00e1bado uma forte chuva caiu em Teresina, e deixou ruas alagadas em diversos pontos da cidade.<\/p>\n\n\n\n<p>O corpo de Wesley foi encontrado na tarde de domingo (25), em uma grota localizada na Avenida Madre Paulina, na Vila Irm\u00e3 Dulce. A moto dele tamb\u00e9m foi encontrada no local.<\/p>\n\n\n\n<figure class=\"wp-block-image\"><img decoding=\"async\" src=\"https:\/\/s2.glbimg.com\/CUMdb6l3ASYGN56fb3vV2UARZ90=\/0x0:1188x1076\/984x0\/smart\/filters:strip_icc()\/i.s3.glbimg.com\/v1\/AUTH_59edd422c0c84a879bd37670ae4f538a\/internal_photos\/bs\/2022\/k\/n\/dkPDPyTuCLEdtPS2BnBQ\/grota1.jpg\" alt=\"Homem \u00e9 encontrado morto dentro de c\u00f3rrego na Vila Irm\u00e3 Dulce, Zona Sul de Teresina \u2014 Foto: Reprodu\u00e7\u00e3o\"\/><figcaption class=\"wp-element-caption\">Homem \u00e9 encontrado morto dentro de c\u00f3rrego na Vila Irm\u00e3 Dulce, Zona Sul de Teresina \u2014 Foto: Reprodu\u00e7\u00e3o<\/figcaption><\/figure>\n\n\n\n<p>Equipes do Corpo de Bombeiros e do Instituto M\u00e9dico Legal (IML) foram acionadas para resgatar o corpo do rapaz.<\/p>\n\n\n\n<p>Segundo a l\u00edder comunit\u00e1ria da Vila Irm\u00e3 Dulce, Francisca Maria de Moura, a dona Neguinha, duas pessoas morreram ap\u00f3s serem arrastadas pela \u00e1gua no mesmo c\u00f3rrego em anos anteriores.<\/p>\n\n\n\n<blockquote class=\"wp-block-quote\">\n<p>&#8220;A primeira v\u00edtima dessa grota foi uma senhora chamada Ros\u00e2ngela, h\u00e1 12 ou 13 anos atr\u00e1s. Depois foi uma crian\u00e7a, e agora o Weslley. \u00c9 muito triste, sabe, porque a gente tem pedido para o poder p\u00fablico pela constru\u00e7\u00e3o dessas galerias&#8221;, disse Francisca Maria.<\/p>\n<\/blockquote>\n\n\n\n<p>A Superintend\u00eancia das A\u00e7\u00f5es Administrativas Descentralizadas (Saad) Sul disse em nota que havia atuado e conclu\u00eddo a limpeza do canal onde houve o incidente:<\/p>\n\n\n\n<p><em>NOTA<\/em><\/p>\n\n\n\n<p><em>A Superintend\u00eancia das A\u00e7\u00f5es Administrativas Descentralizadas Sul, se solidariza com a fam\u00edlia da v\u00edtima e informa que as equipes t\u00e9cnicas j\u00e1 est\u00e3o atuando nas \u00e1reas de galeria devido ao per\u00edodo de chuvas.<\/em><\/p>\n\n\n\n<p><em>Informa ainda que na \u00faltima semana a Ger\u00eancia de Servi\u00e7os Urbanos Sul, j\u00e1 havia atuado e conclu\u00eddo a limpeza do canal onde houve o incidente.<\/em><\/p>\n\n\n\n<p><em>Alerta-se sobre os perigos de deslocamento pr\u00f3ximo aos bueiros durante o per\u00edodo de fortes chuvas, pedimos para que seja evitado at\u00e9 que o fluxo de \u00e1gua tenha diminu\u00eddo.<\/em><\/p>\n\n\n\n<p><em>Nos colocamos \u00e0 disposi\u00e7\u00e3o para quaisquer esclarecimentos acerca das decis\u00f5es tomadas sobre esse assunto.<\/em><\/p>\n\n\n\n<p><em>Superintend\u00eancia das A\u00e7\u00f5es Administrativas Descentralizadas Sul.<\/em><\/p>\n\n\n\n<p><strong>Fonte: G1 PI <\/strong><\/p>\n","protected":false},"excerpt":{"rendered":"<p>Um homem morreu afogado ap\u00f3s ser arrastado pela \u00e1gua para dentro de um bueiro no bairro Vila Irm\u00e3 Dulce, na Zona Sul de Teresina, neste domingo (25). O homem foi identificado como Weslley Silva, de 24 anos. A principal hip\u00f3tese sobre o que teria acontecido \u00e9 de que ele tenha sido arrastado pela chuva e [&hellip;]<\/p>\n","protected":false},"author":1,"featured_media":41785,"comment_status":"open","ping_status":"open","sticky":false,"template":"","format":"standard","meta":{"beyondwords_generate_audio":"","beyondwords_project_id":"","beyondwords_podcast_id":"","beyondwords_hash":"","beyondwords_error_message":"","beyondwords_disabled":"","publish_post_to_speechkit":"","speechkit_generate_audio":"","speechkit_project_id":"","speechkit_podcast_id":"","speechkit_hash":"","speechkit_error_message":"","speechkit_disabled":"","speechkit_access_key":"","speechkit_error":"","speechkit_info":"","speechkit_response":"","speechkit_retries":"","_speechkit_link":"","_speechkit_text":""},"categories":[51,78,81],"tags":[11089,44,192,72,200,84,197,52],"jetpack_featured_media_url":"","_links":{"self":[{"href":"https:\/\/pinews.com.br\/index.php\/wp-json\/wp\/v2\/posts\/41783"}],"collection":[{"href":"https:\/\/pinews.com.br\/index.php\/wp-json\/wp\/v2\/posts"}],"about":[{"href":"https:\/\/pinews.com.br\/index.php\/wp-json\/wp\/v2\/types\/post"}],"author":[{"embeddable":true,"href":"https:\/\/pinews.com.br\/index.php\/wp-json\/wp\/v2\/users\/1"}],"replies":[{"embeddable":true,"href":"https:\/\/pinews.com.br\/index.php\/wp-json\/wp\/v2\/comments?post=41783"}],"version-history":[{"count":0,"href":"https:\/\/pinews.com.br\/index.php\/wp-json\/wp\/v2\/posts\/41783\/revisions"}],"wp:featuredmedia":[{"embeddable":true,"href":"https:\/\/pinews.com.br\/index.php\/wp-json\/"}],"wp:attachment":[{"href":"https:\/\/pinews.com.br\/index.php\/wp-json\/wp\/v2\/media?parent=41783"}],"wp:term":[{"taxonomy":"category","embeddable":true,"href":"https:\/\/pinews.com.br\/index.php\/wp-json\/wp\/v2\/categories?post=41783"},{"taxonomy":"post_tag","embeddable":true,"href":"https:\/\/pinews.com.br\/index.php\/wp-json\/wp\/v2\/tags?post=41783"}],"curies":[{"name":"wp","href":"https:\/\/api.w.org\/{rel}","templated":true}]}}