{"id":41790,"date":"2022-12-26T10:59:24","date_gmt":"2022-12-26T13:59:24","guid":{"rendered":"https:\/\/pinews.com.br\/?p=41790"},"modified":"2022-12-26T10:59:24","modified_gmt":"2022-12-26T13:59:24","slug":"aviao-com-ze-vaqueiro-sofre-pane-e-cantor-cancela-shows","status":"publish","type":"post","link":"https:\/\/pinews.com.br\/index.php\/2022\/12\/26\/aviao-com-ze-vaqueiro-sofre-pane-e-cantor-cancela-shows\/","title":{"rendered":"Avi\u00e3o com Z\u00e9 Vaqueiro sofre pane e cantor cancela shows"},"content":{"rendered":"\n<p>O cantor pernambucano Z\u00e9 Vaqueiro, 23, passou por um susto neste domingo (25) de Natal. O avi\u00e3o particular que o transportava sofreu uma ap\u00f3s decolar de um aeroportoem Fortaleza com destino \u00e0 cidade de Serra Talhada, em Pernambuco, na tarde deste domingo (25).<\/p>\n\n\n\n<p>A assessoria do cantor disse, em nota, que a aeronave sofreu uma pane sist\u00eamica que afetava a estabilidade. &#8220;Felizmente, o piloto conseguiu trazer a aeronave em seguran\u00e7a de volta \u00e0 pista do aeroporto de Fortaleza e ningu\u00e9m ficou ferido.&#8221;<\/p>\n\n\n\n<p>Abalado, o cantor cancelou dois shows que teria na noite de domingo nas cidades de Floresta, e Pernambuco, e S\u00e3o Luiz do Quitunde, em Alagoas. Ele pediu desculpas aos f\u00e3s e pediu a compreens\u00e3o de todos. &#8220;Em breve novas datas para as duas cidades ser\u00e3o anunciadas&#8221;, diz a nota.<\/p>\n\n\n\n<p>O cantor postou tamb\u00e9m um v\u00eddeo nos stories do Instagram explicando sobre a pane da aeronave e elogiou os pilotos que conseguiram retornar ao aeroporto ap\u00f3s 12 minutos ap\u00f3s a decolagem. &#8220;Gra\u00e7as a Deus deu tudo certo, estou vindo aqui falar que n\u00e3o aconteceu nada de grave e agradecer aos f\u00e3s&#8221;, disse.<\/p>\n\n\n\n<p><strong>Fonte: Folhapress<\/strong><\/p>\n","protected":false},"excerpt":{"rendered":"<p>O cantor pernambucano Z\u00e9 Vaqueiro, 23, passou por um susto neste domingo (25) de Natal. O avi\u00e3o particular que o transportava sofreu uma ap\u00f3s decolar de um aeroportoem Fortaleza com destino \u00e0 cidade de Serra Talhada, em Pernambuco, na tarde deste domingo (25). A assessoria do cantor disse, em nota, que a aeronave sofreu uma [&hellip;]<\/p>\n","protected":false},"author":1,"featured_media":41791,"comment_status":"open","ping_status":"open","sticky":false,"template":"","format":"standard","meta":{"beyondwords_generate_audio":"","beyondwords_project_id":"","beyondwords_podcast_id":"","beyondwords_hash":"","beyondwords_error_message":"","beyondwords_disabled":"","publish_post_to_speechkit":"","speechkit_generate_audio":"","speechkit_project_id":"","speechkit_podcast_id":"","speechkit_hash":"","speechkit_error_message":"","speechkit_disabled":"","speechkit_access_key":"","speechkit_error":"","speechkit_info":"","speechkit_response":"","speechkit_retries":"","_speechkit_link":"","_speechkit_text":""},"categories":[134],"tags":[7254,2648,1192,6667,461,405,7453,9915],"jetpack_featured_media_url":"","_links":{"self":[{"href":"https:\/\/pinews.com.br\/index.php\/wp-json\/wp\/v2\/posts\/41790"}],"collection":[{"href":"https:\/\/pinews.com.br\/index.php\/wp-json\/wp\/v2\/posts"}],"about":[{"href":"https:\/\/pinews.com.br\/index.php\/wp-json\/wp\/v2\/types\/post"}],"author":[{"embeddable":true,"href":"https:\/\/pinews.com.br\/index.php\/wp-json\/wp\/v2\/users\/1"}],"replies":[{"embeddable":true,"href":"https:\/\/pinews.com.br\/index.php\/wp-json\/wp\/v2\/comments?post=41790"}],"version-history":[{"count":0,"href":"https:\/\/pinews.com.br\/index.php\/wp-json\/wp\/v2\/posts\/41790\/revisions"}],"wp:featuredmedia":[{"embeddable":true,"href":"https:\/\/pinews.com.br\/index.php\/wp-json\/"}],"wp:attachment":[{"href":"https:\/\/pinews.com.br\/index.php\/wp-json\/wp\/v2\/media?parent=41790"}],"wp:term":[{"taxonomy":"category","embeddable":true,"href":"https:\/\/pinews.com.br\/index.php\/wp-json\/wp\/v2\/categories?post=41790"},{"taxonomy":"post_tag","embeddable":true,"href":"https:\/\/pinews.com.br\/index.php\/wp-json\/wp\/v2\/tags?post=41790"}],"curies":[{"name":"wp","href":"https:\/\/api.w.org\/{rel}","templated":true}]}}