{"id":4219,"date":"2020-01-20T12:09:22","date_gmt":"2020-01-20T15:09:22","guid":{"rendered":"https:\/\/pinews.com.br\/?p=4219"},"modified":"2020-01-20T12:09:22","modified_gmt":"2020-01-20T15:09:22","slug":"jovem-e-baleado-durante-previa-de-carnaval-no-centro-de-floriano","status":"publish","type":"post","link":"https:\/\/pinews.com.br\/index.php\/2020\/01\/20\/jovem-e-baleado-durante-previa-de-carnaval-no-centro-de-floriano\/","title":{"rendered":"Jovem \u00e9 baleado durante pr\u00e9via de carnaval no centro de Floriano"},"content":{"rendered":"\n<p>Foto: Reprodu\u00e7\u00e3o <\/p>\n\n\n\n<p style=\"text-align:justify\">Um jovem, n\u00e3o indetificado, foi baleado durante uma pr\u00e9via de carnaval no centro da cidade de Floriano, na noite deste domingo (19). Segundo as informa\u00e7\u00f5es, aconteceu uma briga e logo depois ouviu-se disparos de arma de fogo, que assustou os foli\u00f5es que participavam da festa. As informa\u00e7\u00f5es s\u00e3o do Floriano News.<\/p>\n\n\n\n<p style=\"text-align:justify\">Imagens que circulam nas redes sociais mostra o momento que um jovem est\u00e1 ca\u00eddo no ch\u00e3o baleado, e o desespero dos foli\u00f5es que estavam no local. A Pol\u00edcia Militar foi acionada, mas n\u00e3o conseguiu localizar o suspeito de efetuar os disparos. Testemunhas n\u00e3o souberam informar a poss\u00edvel motiva\u00e7\u00e3o da briga.<\/p>\n\n\n\n<p style=\"text-align:justify\">A v\u00edtima foi socorrida por uma equipe do Servi\u00e7o de Atendimento M\u00f3vel de Urg\u00eancia (SAMU) e levada para o Hospital Regional Tib\u00e9rio Nunes, onde deu entrada no centro cir\u00fargico. Ainda n\u00e3o se sabe do seu atual estado de sa\u00fade. <\/p>\n\n\n\n<p><strong>Fonte: Portal Saiba Mais<\/strong> <\/p>\n\n\n\n<p><strong>Com informa\u00e7\u00f5es do Floriano News<\/strong><\/p>\n","protected":false},"excerpt":{"rendered":"<p>Foto: Reprodu\u00e7\u00e3o Um jovem, n\u00e3o indetificado, foi baleado durante uma pr\u00e9via de carnaval no centro da cidade de Floriano, na noite deste domingo (19). Segundo as informa\u00e7\u00f5es, aconteceu uma briga e logo depois ouviu-se disparos de arma de fogo, que assustou os foli\u00f5es que participavam da festa. As informa\u00e7\u00f5es s\u00e3o do Floriano News. Imagens que [&hellip;]<\/p>\n","protected":false},"author":1,"featured_media":4220,"comment_status":"open","ping_status":"open","sticky":false,"template":"","format":"standard","meta":{"beyondwords_generate_audio":"","beyondwords_project_id":"","beyondwords_podcast_id":"","beyondwords_hash":"","beyondwords_error_message":"","beyondwords_disabled":"","publish_post_to_speechkit":"","speechkit_generate_audio":"","speechkit_project_id":"","speechkit_podcast_id":"","speechkit_hash":"","speechkit_error_message":"","speechkit_disabled":"","speechkit_access_key":"","speechkit_error":"","speechkit_info":"","speechkit_response":"","speechkit_retries":"","_speechkit_link":"","_speechkit_text":""},"categories":[51],"tags":[1916,309,666,266,1917],"jetpack_featured_media_url":"","_links":{"self":[{"href":"https:\/\/pinews.com.br\/index.php\/wp-json\/wp\/v2\/posts\/4219"}],"collection":[{"href":"https:\/\/pinews.com.br\/index.php\/wp-json\/wp\/v2\/posts"}],"about":[{"href":"https:\/\/pinews.com.br\/index.php\/wp-json\/wp\/v2\/types\/post"}],"author":[{"embeddable":true,"href":"https:\/\/pinews.com.br\/index.php\/wp-json\/wp\/v2\/users\/1"}],"replies":[{"embeddable":true,"href":"https:\/\/pinews.com.br\/index.php\/wp-json\/wp\/v2\/comments?post=4219"}],"version-history":[{"count":0,"href":"https:\/\/pinews.com.br\/index.php\/wp-json\/wp\/v2\/posts\/4219\/revisions"}],"wp:featuredmedia":[{"embeddable":true,"href":"https:\/\/pinews.com.br\/index.php\/wp-json\/"}],"wp:attachment":[{"href":"https:\/\/pinews.com.br\/index.php\/wp-json\/wp\/v2\/media?parent=4219"}],"wp:term":[{"taxonomy":"category","embeddable":true,"href":"https:\/\/pinews.com.br\/index.php\/wp-json\/wp\/v2\/categories?post=4219"},{"taxonomy":"post_tag","embeddable":true,"href":"https:\/\/pinews.com.br\/index.php\/wp-json\/wp\/v2\/tags?post=4219"}],"curies":[{"name":"wp","href":"https:\/\/api.w.org\/{rel}","templated":true}]}}