{"id":42225,"date":"2022-12-28T11:40:03","date_gmt":"2022-12-28T14:40:03","guid":{"rendered":"https:\/\/pinews.com.br\/?p=42225"},"modified":"2022-12-28T11:40:03","modified_gmt":"2022-12-28T14:40:03","slug":"caminhao-com-carga-de-madeira-capota-em-curva-no-piaui","status":"publish","type":"post","link":"https:\/\/pinews.com.br\/index.php\/2022\/12\/28\/caminhao-com-carga-de-madeira-capota-em-curva-no-piaui\/","title":{"rendered":"Caminh\u00e3o com carga de madeira capota em curva no Piau\u00ed"},"content":{"rendered":"\n<p>Mais um acidente foi registrado na famosa e temida  &#8220;Curva dos Canudos&#8221;,  que fica localizado na PI-114,  trecho que liga Campo Maior a Cabeceiras do Piau\u00ed. O caso ocorreu por volta das 16h30 desta ter\u00e7a-feira (27\/12).<\/p>\n\n\n\n<p>De acordo com as informa\u00e7\u00f5es do&nbsp;<a href=\"https:\/\/www.carnaubaisonline.com.br\/noticia\/caminhao-com-carga-de-madeira-capota-na-curva-dos-canudos-na-rodovia-que-liga-campo-maior-a-cabeceiras-do-piaui\" target=\"_blank\" rel=\"noreferrer noopener\">Carna\u00faba Online,<\/a>&nbsp;uma carreta carregada de madeira seguia em alta velocidade no sentido Cabeceiras &#8211; Campo Maior e, ao fazer a manobra na curva, a carga sobrou para o lado oposto fazendo com que o ve\u00edculo capotasse v\u00e1rias vezes e descesse a ribanceira indo parar \u00e0s margens da rodovia.<\/p>\n\n\n\n<p>A carga de estacas de madeira ficou espalhada no local. Quanto ao condutor da carreta, as informa\u00e7\u00f5es s\u00e3o de que o mesmo foi socorrido ao Hospital Regional de Campo Maior e n\u00e3o sofreu ferimentos graves. O motorista, que seria do Estado da Bahia, estava consciente e conversava normalmente. <\/p>\n\n\n\n<p><strong>Fonte: 180 Graus <\/strong><\/p>\n","protected":false},"excerpt":{"rendered":"<p>Mais um acidente foi registrado na famosa e temida &#8220;Curva dos Canudos&#8221;, que fica localizado na PI-114, trecho que liga Campo Maior a Cabeceiras do Piau\u00ed. O caso ocorreu por volta das 16h30 desta ter\u00e7a-feira (27\/12). De acordo com as informa\u00e7\u00f5es do&nbsp;Carna\u00faba Online,&nbsp;uma carreta carregada de madeira seguia em alta velocidade no sentido Cabeceiras &#8211; [&hellip;]<\/p>\n","protected":false},"author":1,"featured_media":42226,"comment_status":"open","ping_status":"open","sticky":false,"template":"","format":"standard","meta":{"beyondwords_generate_audio":"","beyondwords_project_id":"","beyondwords_podcast_id":"","beyondwords_hash":"","beyondwords_error_message":"","beyondwords_disabled":"","publish_post_to_speechkit":"","speechkit_generate_audio":"","speechkit_project_id":"","speechkit_podcast_id":"","speechkit_hash":"","speechkit_error_message":"","speechkit_disabled":"","speechkit_access_key":"","speechkit_error":"","speechkit_info":"","speechkit_response":"","speechkit_retries":"","_speechkit_link":"","_speechkit_text":""},"categories":[51],"tags":[188,11098,100,1693,44,102,52],"jetpack_featured_media_url":"","_links":{"self":[{"href":"https:\/\/pinews.com.br\/index.php\/wp-json\/wp\/v2\/posts\/42225"}],"collection":[{"href":"https:\/\/pinews.com.br\/index.php\/wp-json\/wp\/v2\/posts"}],"about":[{"href":"https:\/\/pinews.com.br\/index.php\/wp-json\/wp\/v2\/types\/post"}],"author":[{"embeddable":true,"href":"https:\/\/pinews.com.br\/index.php\/wp-json\/wp\/v2\/users\/1"}],"replies":[{"embeddable":true,"href":"https:\/\/pinews.com.br\/index.php\/wp-json\/wp\/v2\/comments?post=42225"}],"version-history":[{"count":0,"href":"https:\/\/pinews.com.br\/index.php\/wp-json\/wp\/v2\/posts\/42225\/revisions"}],"wp:featuredmedia":[{"embeddable":true,"href":"https:\/\/pinews.com.br\/index.php\/wp-json\/"}],"wp:attachment":[{"href":"https:\/\/pinews.com.br\/index.php\/wp-json\/wp\/v2\/media?parent=42225"}],"wp:term":[{"taxonomy":"category","embeddable":true,"href":"https:\/\/pinews.com.br\/index.php\/wp-json\/wp\/v2\/categories?post=42225"},{"taxonomy":"post_tag","embeddable":true,"href":"https:\/\/pinews.com.br\/index.php\/wp-json\/wp\/v2\/tags?post=42225"}],"curies":[{"name":"wp","href":"https:\/\/api.w.org\/{rel}","templated":true}]}}