{"id":42287,"date":"2022-12-30T18:21:18","date_gmt":"2022-12-30T21:21:18","guid":{"rendered":"https:\/\/pinews.com.br\/?p=42287"},"modified":"2022-12-30T18:21:18","modified_gmt":"2022-12-30T21:21:18","slug":"divulgado-calendario-de-pagamentos-do-auxilio-brasil-para-2023","status":"publish","type":"post","link":"https:\/\/pinews.com.br\/index.php\/2022\/12\/30\/divulgado-calendario-de-pagamentos-do-auxilio-brasil-para-2023\/","title":{"rendered":"Divulgado calend\u00e1rio de pagamentos do Aux\u00edlio Brasil para 2023"},"content":{"rendered":"\n<p>O Minist\u00e9rio da Cidadania divulgou hoje (30), em Bras\u00edlia, o calend\u00e1rio de pagamentos do Aux\u00edlio Brasil para 2023.&nbsp;Para saber o dia em que o benef\u00edcio ficar\u00e1 dispon\u00edvel para saque ou cr\u00e9dito em conta banc\u00e1ria&nbsp;\u00e9 preciso observar o \u00faltimo d\u00edgito do N\u00famero de Identifica\u00e7\u00e3o Social (NIS), impresso no cart\u00e3o do titular.&nbsp;<img decoding=\"async\" src=\"https:\/\/agenciabrasil.ebc.com.br\/ebc.png?id=1500702&amp;o=node\"><img decoding=\"async\" src=\"https:\/\/agenciabrasil.ebc.com.br\/ebc.gif?id=1500702&amp;o=node\"><\/p>\n\n\n\n<p>Para cada d\u00edgito final do NIS h\u00e1 uma data mensal correspondente. Os pagamentos s\u00e3o disponibilizados na sequ\u00eancia de um a zero, durante os \u00faltimos dez dias \u00fateis de cada m\u00eas. A exce\u00e7\u00e3o \u00e9 o m\u00eas de dezembro, quando todos os pagamentos ocorrem at\u00e9 o dia 22. Se o NIS do titular termina com o n\u00famero 1, em janeiro, por exemplo, os pagamentos come\u00e7am no dia 18.<\/p>\n\n\n\n<h2>Parcelas mensais<\/h2>\n\n\n\n<p>As parcelas mensais ficam dispon\u00edveis para saque por 120 dias ap\u00f3s a data indicada no calend\u00e1rio.&nbsp;As datas definidas tamb\u00e9m s\u00e3o v\u00e1lidas para o pagamento do Aux\u00edlio G\u00e1s no pr\u00f3ximo ano, sendo que o programa disponibiliza parcelas bimestralmente.<\/p>\n\n\n\n<figure class=\"wp-block-image\"><img decoding=\"async\" src=\"https:\/\/imagens.ebc.com.br\/Mt1JXe6dg0xBjJECsvZlgfexUdI=\/754x0\/smart\/https:\/\/agenciabrasil.ebc.com.br\/sites\/default\/files\/thumbnails\/image\/calendario_pab_anual.jpg?itok=SqkDmP5u\" alt=\"calend\u00e1rio de pagamentos do Aux\u00edlio Brasil em 2023\" title=\"Minist\u00e9rio da Cidadania\"\/><figcaption class=\"wp-element-caption\">Calend\u00e1rio de pagamentos do Aux\u00edlio Brasil em 2023 &#8211; Minist\u00e9rio da Cidadania<\/figcaption><\/figure>\n\n\n\n<p>Em caso de d\u00favidas, h\u00e1 tr\u00eas canais de atendimento: o telefone 121, do Minist\u00e9rio da Cidadania, que re\u00fane informa\u00e7\u00f5es e funciona tamb\u00e9m como central para den\u00fancias; o telefone 111, canal de Atendimento ao Cidad\u00e3o da Caixa Econ\u00f4mica Federal com informa\u00e7\u00f5es sobre o cart\u00e3o e o saque do benef\u00edcio; e o aplicativo Aux\u00edlio Brasil, dispon\u00edvel para <em>download<\/em> gratuito nas lojas virtuais.<\/p>\n\n\n\n<p><strong>Fonte: Ag\u00eancia Brasil <\/strong><\/p>\n","protected":false},"excerpt":{"rendered":"<p>O Minist\u00e9rio da Cidadania divulgou hoje (30), em Bras\u00edlia, o calend\u00e1rio de pagamentos do Aux\u00edlio Brasil para 2023.&nbsp;Para saber o dia em que o benef\u00edcio ficar\u00e1 dispon\u00edvel para saque ou cr\u00e9dito em conta banc\u00e1ria&nbsp;\u00e9 preciso observar o \u00faltimo d\u00edgito do N\u00famero de Identifica\u00e7\u00e3o Social (NIS), impresso no cart\u00e3o do titular.&nbsp; Para cada d\u00edgito final do [&hellip;]<\/p>\n","protected":false},"author":1,"featured_media":42288,"comment_status":"open","ping_status":"open","sticky":false,"template":"","format":"standard","meta":{"beyondwords_generate_audio":"","beyondwords_project_id":"","beyondwords_podcast_id":"","beyondwords_hash":"","beyondwords_error_message":"","beyondwords_disabled":"","publish_post_to_speechkit":"","speechkit_generate_audio":"","speechkit_project_id":"","speechkit_podcast_id":"","speechkit_hash":"","speechkit_error_message":"","speechkit_disabled":"","speechkit_access_key":"","speechkit_error":"","speechkit_info":"","speechkit_response":"","speechkit_retries":"","_speechkit_link":"","_speechkit_text":""},"categories":[68],"tags":[8603,2647,1093,2892,44,957,3400,350],"jetpack_featured_media_url":"","_links":{"self":[{"href":"https:\/\/pinews.com.br\/index.php\/wp-json\/wp\/v2\/posts\/42287"}],"collection":[{"href":"https:\/\/pinews.com.br\/index.php\/wp-json\/wp\/v2\/posts"}],"about":[{"href":"https:\/\/pinews.com.br\/index.php\/wp-json\/wp\/v2\/types\/post"}],"author":[{"embeddable":true,"href":"https:\/\/pinews.com.br\/index.php\/wp-json\/wp\/v2\/users\/1"}],"replies":[{"embeddable":true,"href":"https:\/\/pinews.com.br\/index.php\/wp-json\/wp\/v2\/comments?post=42287"}],"version-history":[{"count":0,"href":"https:\/\/pinews.com.br\/index.php\/wp-json\/wp\/v2\/posts\/42287\/revisions"}],"wp:featuredmedia":[{"embeddable":true,"href":"https:\/\/pinews.com.br\/index.php\/wp-json\/"}],"wp:attachment":[{"href":"https:\/\/pinews.com.br\/index.php\/wp-json\/wp\/v2\/media?parent=42287"}],"wp:term":[{"taxonomy":"category","embeddable":true,"href":"https:\/\/pinews.com.br\/index.php\/wp-json\/wp\/v2\/categories?post=42287"},{"taxonomy":"post_tag","embeddable":true,"href":"https:\/\/pinews.com.br\/index.php\/wp-json\/wp\/v2\/tags?post=42287"}],"curies":[{"name":"wp","href":"https:\/\/api.w.org\/{rel}","templated":true}]}}