{"id":42336,"date":"2023-01-02T17:44:50","date_gmt":"2023-01-02T20:44:50","guid":{"rendered":"https:\/\/pinews.com.br\/?p=42336"},"modified":"2023-05-15T22:45:24","modified_gmt":"2023-05-16T01:45:24","slug":"prefeito-de-vila-nova-do-piaui-renuncia-apos-passar-seis-anos-no-cargo","status":"publish","type":"post","link":"https:\/\/pinews.com.br\/index.php\/2023\/01\/02\/prefeito-de-vila-nova-do-piaui-renuncia-apos-passar-seis-anos-no-cargo\/","title":{"rendered":"Prefeito de Vila Nova do Piau\u00ed renuncia ap\u00f3s passar seis anos no cargo"},"content":{"rendered":"\n<p>O prefeito de&nbsp;Vila Nova do Piau\u00ed, Edilson Brito (PSD), renunciou ao cargo. O pedido de ren\u00fancia foi apresentado durante uma sess\u00e3o extraordin\u00e1ria na C\u00e2mara dos Vereadores do munic\u00edpio na tarde de s\u00e1bado (31).<\/p>\n\n\n\n<blockquote class=\"wp-block-quote\">\n<p>\u201cEu renunciei para cuidar de outras coisas, foi por quest\u00f5es pessoais. Deixei o vice assumir para dar continuidade aos trabalhos. Foi tudo tranquilo, em clima de harmonia\u201d, declarou Edilson ao&nbsp;<a href=\"https:\/\/g1.globo.com\/pi\/piaui\/\"><strong>g1<\/strong><\/a>.<\/p>\n<\/blockquote>\n\n\n\n<p>Assumiu o cargo de prefeito o vice-prefeito Belim Leal. O mandato dever\u00e1 ser exercido at\u00e9 2024.<\/p>\n\n\n\n<figure class=\"wp-block-image\"><img decoding=\"async\" src=\"https:\/\/s2.glbimg.com\/p4s3K5gIzHGAVGYk_dieZzlP-Ds=\/0x0:2000x2000\/984x0\/smart\/filters:strip_icc()\/i.s3.glbimg.com\/v1\/AUTH_59edd422c0c84a879bd37670ae4f538a\/internal_photos\/bs\/2023\/2\/3\/z7RVaFRqC4LTpGZIH1DA\/blank-2-grids-collage-4-.png\" alt=\"Edilson Brito foi eleito duas vezes seguidas como prefeito de Vila Nova do Piau\u00ed \u2014 Foto: g1\"\/><figcaption class=\"wp-element-caption\">Edilson Brito foi eleito duas vezes seguidas como prefeito de Vila Nova do Piau\u00ed \u2014 Foto: g1<\/figcaption><\/figure>\n\n\n\n<p>Edilson foi vereador de Vila Nova do Piau\u00ed de 2004 a 2008 e, logo depois, de 2012 a 2016. Ele foi tamb\u00e9m foi vice-prefeito de 2008 a 2012. A primeira vez que Edilson assumiu a prefeitura do munic\u00edpio foi em 2017. Nas \u00faltimas elei\u00e7\u00f5es municipais, ocorridas em 2020, ele foi reeleito.<\/p>\n\n\n\n<p><strong>Fonte: G1 PI <\/strong><\/p>\n","protected":false},"excerpt":{"rendered":"<p>O prefeito de&nbsp;Vila Nova do Piau\u00ed, Edilson Brito (PSD), renunciou ao cargo. O pedido de ren\u00fancia foi apresentado durante uma sess\u00e3o extraordin\u00e1ria na C\u00e2mara dos Vereadores do munic\u00edpio na tarde de s\u00e1bado (31). \u201cEu renunciei para cuidar de outras coisas, foi por quest\u00f5es pessoais. Deixei o vice assumir para dar continuidade aos trabalhos. Foi tudo [&hellip;]<\/p>\n","protected":false},"author":1,"featured_media":48118,"comment_status":"open","ping_status":"open","sticky":false,"template":"","format":"standard","meta":{"beyondwords_generate_audio":"","beyondwords_project_id":"","beyondwords_podcast_id":"","beyondwords_hash":"","beyondwords_error_message":"","beyondwords_disabled":"","publish_post_to_speechkit":"","speechkit_generate_audio":"","speechkit_project_id":"","speechkit_podcast_id":"","speechkit_hash":"","speechkit_error_message":"","speechkit_disabled":"","speechkit_access_key":"","speechkit_error":"","speechkit_info":"","speechkit_response":"","speechkit_retries":"","_speechkit_link":"","_speechkit_text":""},"categories":[124,51,1201,1421],"tags":[82,70,10042,44,280,5500,52,889,10045,676,6214],"jetpack_featured_media_url":"https:\/\/pinews.com.br\/wp-content\/uploads\/2023\/01\/edilson-696x692-1.jpg","_links":{"self":[{"href":"https:\/\/pinews.com.br\/index.php\/wp-json\/wp\/v2\/posts\/42336"}],"collection":[{"href":"https:\/\/pinews.com.br\/index.php\/wp-json\/wp\/v2\/posts"}],"about":[{"href":"https:\/\/pinews.com.br\/index.php\/wp-json\/wp\/v2\/types\/post"}],"author":[{"embeddable":true,"href":"https:\/\/pinews.com.br\/index.php\/wp-json\/wp\/v2\/users\/1"}],"replies":[{"embeddable":true,"href":"https:\/\/pinews.com.br\/index.php\/wp-json\/wp\/v2\/comments?post=42336"}],"version-history":[{"count":2,"href":"https:\/\/pinews.com.br\/index.php\/wp-json\/wp\/v2\/posts\/42336\/revisions"}],"predecessor-version":[{"id":48116,"href":"https:\/\/pinews.com.br\/index.php\/wp-json\/wp\/v2\/posts\/42336\/revisions\/48116"}],"wp:featuredmedia":[{"embeddable":true,"href":"https:\/\/pinews.com.br\/index.php\/wp-json\/wp\/v2\/media\/48118"}],"wp:attachment":[{"href":"https:\/\/pinews.com.br\/index.php\/wp-json\/wp\/v2\/media?parent=42336"}],"wp:term":[{"taxonomy":"category","embeddable":true,"href":"https:\/\/pinews.com.br\/index.php\/wp-json\/wp\/v2\/categories?post=42336"},{"taxonomy":"post_tag","embeddable":true,"href":"https:\/\/pinews.com.br\/index.php\/wp-json\/wp\/v2\/tags?post=42336"}],"curies":[{"name":"wp","href":"https:\/\/api.w.org\/{rel}","templated":true}]}}