{"id":42466,"date":"2023-01-06T18:18:55","date_gmt":"2023-01-06T21:18:55","guid":{"rendered":"https:\/\/pinews.com.br\/?p=42466"},"modified":"2023-01-06T18:18:55","modified_gmt":"2023-01-06T21:18:55","slug":"padre-e-afastado-das-funcoes-e-policia-investiga-suposto-envolvimento-com-adolescente-no-piaui","status":"publish","type":"post","link":"https:\/\/pinews.com.br\/index.php\/2023\/01\/06\/padre-e-afastado-das-funcoes-e-policia-investiga-suposto-envolvimento-com-adolescente-no-piaui\/","title":{"rendered":"Padre \u00e9 afastado das fun\u00e7\u00f5es e pol\u00edcia investiga suposto envolvimento com adolescente no Piau\u00ed"},"content":{"rendered":"\n<p>A Pol\u00edcia Civil de Oeiras, cidade 280 km ao Sul de Teresina investiga den\u00fancia contra o Padre Possidonio Ferreira Barbosa Junior, suspeito de envolvimento com uma adolescente. Ele foi afastado de suas fun\u00e7\u00f5es pela Diocese da cidade e vai responder a processo interno. O g1 n\u00e3o conseguiu contato com a defesa do sacerdote.<\/p>\n\n\n\n<p>O delegado titular da cidade, Luciano Santos, confirmou ao g1 que recebeu a den\u00fancia e que o caso est\u00e1 sob investiga\u00e7\u00e3o, com abertura de inqu\u00e9rito. Ele disse ainda que o processo segue em segredo de Justi\u00e7a, por envolver uma jovem menor de idade, e por isso n\u00e3o pode dar detalhes do caso.<\/p>\n\n\n\n<p>A Prefeitura de Oeiras foi procurada e informou que n\u00e3o vai se pronunciar a respeito do teor das investiga\u00e7\u00f5es.<\/p>\n\n\n\n<p>&#8220;O assunto foi vazado por um portal que de alguma forma teve acesso ao relat\u00f3rio, que \u00e9 um material elaborado pelos profissionais da Secretaria Municipal de Educa\u00e7\u00e3o e repassado para os \u00f3rg\u00e3os competentes de maneira sigilosa para preservar a adolescente. (&#8230;) Cabe aos \u00f3rg\u00e3os judiciais os devidos encaminhamentos&#8221;, informou apenas a Prefeitura em nota.<\/p>\n\n\n\n<p>At\u00e9 que o caso seja encerrado, ele passar\u00e1 por processo can\u00f4nico e est\u00e1 afastado de suas fun\u00e7\u00f5es, ficando proibido de celebrar publicamente atos da Igreja. A Diocese destacou que as medidas n\u00e3o constituem condena\u00e7\u00e3o pr\u00e9via.<\/p>\n\n\n\n<p><strong>Veja nota da Diocese de Oeiras:<\/strong><\/p>\n\n\n\n<p><em>A Diocese de Oeiras vem, por meio desta, esclarecer a todos os fi\u00e9is, que desde o momento que recebeu a den\u00fancia do suposto envolvimento do Padre Possidonio Ferreira Barbosa Junior com uma adolescente, tomou as seguintes medidas cautelares e disciplinares at\u00e9 a conclus\u00e3o dos procedimentos investigat\u00f3rios:<\/em><\/p>\n\n\n\n<p><em>\u2022 Iniciou o Processo Can\u00f4nico contra o supracitado sacerdote;<\/em><\/p>\n\n\n\n<p><em>\u2022 Afastou o Padre de suas fun\u00e7\u00f5es paroquiais e Diocesanas;<\/em><\/p>\n\n\n\n<p><em>\u2022Proibiu, o citado sacerdote, de celebrar publicamente a Sant\u00edssima Eucaristia e de exercer os atos que requerem o poder de ordem sagrada;<\/em><\/p>\n\n\n\n<p><em>\u2022Determinou que o mesmo seja submetido a processo terap\u00eautico em um ambiente especializado.<\/em><\/p>\n\n\n\n<p><em>A Diocese, esclarece ainda, que essas medidas n\u00e3o s\u00e3o uma condena\u00e7\u00e3o pr\u00e9via, mas medidas cautelares, fundamentadas no c\u00f3digo de Direito Can\u00f4nico \u2013 CIC, at\u00e9 que as investiga\u00e7\u00f5es sejam conclu\u00eddas.<\/em><\/p>\n\n\n\n<p><em>Roguemos a Nossa Senhora da Vit\u00f3ria que interceda por todos n\u00f3s.<\/em><\/p>\n\n\n\n<p><em>C\u00faria Diocesana de Oeiras, 06 de janeiro de 2023.<br>Dom Edilson Soares Nobre<br>Bispo Diocesano de Oeiras<br>Padre Kleyton Vieira da Silva<br>Chanceler da C\u00faria<\/em><\/p>\n\n\n\n<p><strong>Fonte: G1 Pl <\/strong><\/p>\n","protected":false},"excerpt":{"rendered":"<p>A Pol\u00edcia Civil de Oeiras, cidade 280 km ao Sul de Teresina investiga den\u00fancia contra o Padre Possidonio Ferreira Barbosa Junior, suspeito de envolvimento com uma adolescente. Ele foi afastado de suas fun\u00e7\u00f5es pela Diocese da cidade e vai responder a processo interno. O g1 n\u00e3o conseguiu contato com a defesa do sacerdote. O delegado [&hellip;]<\/p>\n","protected":false},"author":1,"featured_media":42467,"comment_status":"open","ping_status":"open","sticky":false,"template":"","format":"standard","meta":{"beyondwords_generate_audio":"","beyondwords_project_id":"","beyondwords_podcast_id":"","beyondwords_hash":"","beyondwords_error_message":"","beyondwords_disabled":"","publish_post_to_speechkit":"","speechkit_generate_audio":"","speechkit_project_id":"","speechkit_podcast_id":"","speechkit_hash":"","speechkit_error_message":"","speechkit_disabled":"","speechkit_access_key":"","speechkit_error":"","speechkit_info":"","speechkit_response":"","speechkit_retries":"","_speechkit_link":"","_speechkit_text":""},"categories":[51,78],"tags":[11127,7591,888,72,710,11128,821,5778,52,466,6121],"jetpack_featured_media_url":"","_links":{"self":[{"href":"https:\/\/pinews.com.br\/index.php\/wp-json\/wp\/v2\/posts\/42466"}],"collection":[{"href":"https:\/\/pinews.com.br\/index.php\/wp-json\/wp\/v2\/posts"}],"about":[{"href":"https:\/\/pinews.com.br\/index.php\/wp-json\/wp\/v2\/types\/post"}],"author":[{"embeddable":true,"href":"https:\/\/pinews.com.br\/index.php\/wp-json\/wp\/v2\/users\/1"}],"replies":[{"embeddable":true,"href":"https:\/\/pinews.com.br\/index.php\/wp-json\/wp\/v2\/comments?post=42466"}],"version-history":[{"count":0,"href":"https:\/\/pinews.com.br\/index.php\/wp-json\/wp\/v2\/posts\/42466\/revisions"}],"wp:featuredmedia":[{"embeddable":true,"href":"https:\/\/pinews.com.br\/index.php\/wp-json\/"}],"wp:attachment":[{"href":"https:\/\/pinews.com.br\/index.php\/wp-json\/wp\/v2\/media?parent=42466"}],"wp:term":[{"taxonomy":"category","embeddable":true,"href":"https:\/\/pinews.com.br\/index.php\/wp-json\/wp\/v2\/categories?post=42466"},{"taxonomy":"post_tag","embeddable":true,"href":"https:\/\/pinews.com.br\/index.php\/wp-json\/wp\/v2\/tags?post=42466"}],"curies":[{"name":"wp","href":"https:\/\/api.w.org\/{rel}","templated":true}]}}