{"id":42522,"date":"2023-01-08T17:48:57","date_gmt":"2023-01-08T20:48:57","guid":{"rendered":"https:\/\/pinews.com.br\/?p=42522"},"modified":"2023-01-08T17:48:57","modified_gmt":"2023-01-08T20:48:57","slug":"manifestantes-invadem-congresso-planalto-e-stf","status":"publish","type":"post","link":"https:\/\/pinews.com.br\/index.php\/2023\/01\/08\/manifestantes-invadem-congresso-planalto-e-stf\/","title":{"rendered":"Manifestantes invadem Congresso, Planalto e STF"},"content":{"rendered":"\n<p>Manifestantes apoiadores do ex-presidente Jair Bolsonaro inconformados com o resultado das elei\u00e7\u00f5es invadiram o Congresso Nacional, o Pal\u00e1cio do Planalto e o Supremo Tribunal Federal (STF). A invas\u00e3o come\u00e7ou ap\u00f3s a barreira formada por policiais militares na Esplanada dos Minist\u00e9rio, que estava fechada, ter sido rompida. O Congresso Nacional foi o primeiro a ser invadido, com os manifestantes ocupando a rampa e soltando foguetes. Depois eles&nbsp;quebraram vidro do Sal\u00e3o Negro do Congresso e danificaram o plen\u00e1rio da Casa.&nbsp;<img decoding=\"async\" src=\"https:\/\/agenciabrasil.ebc.com.br\/ebc.png?id=1502577&amp;o=node\"><img decoding=\"async\" src=\"https:\/\/agenciabrasil.ebc.com.br\/ebc.gif?id=1502577&amp;o=node\"><\/p>\n\n\n\n<p>Ap\u00f3s a depreda\u00e7\u00e3o&nbsp;no Congresso, eles invadiram o Pal\u00e1cio do Planalto e o Supremo Tribunal Federal (STF). No STF, quebraram vidros e m\u00f3veis.<\/p>\n\n\n\n<p>As imagens mostram que o efetivo de policiais militares que estava nas proximidades do Congresso Nacional usou<em>&nbsp;sprays<\/em>&nbsp;de pimenta em uma tentativa sem sucesso de conter os manifestantes que entoavam palavras de ordem golpistas.<\/p>\n\n\n\n<p>Via redes sociais, o ministro da Justi\u00e7a, Fl\u00e1vio Dino, disse que &#8220;essa absurda tentativa de impor a vontade pela for\u00e7a n\u00e3o vai prevalecer&#8221;. Ele acrescentou ter ouvido do governo do Distrito Federal que o efetivo seria refor\u00e7ado. &#8220;As for\u00e7as de que dispomos est\u00e3o agindo. Estou na sede do Minist\u00e9rio da Justi\u00e7a&#8221;, escreveu o ministro.<\/p>\n\n\n\n<p>Ex-ministro da Justi\u00e7a do governo Bolsonaro e atual secret\u00e1rio de Seguran\u00e7a P\u00fablica do Governo do Distrito Federal, Anderson Torres, que se encontra nos Estados Unidos, disse, via Twitter, ter determinado ao setor de opera\u00e7\u00f5es &#8220;provid\u00eancias imediatas para o restabelecimento da ordem no centro de Bras\u00edlia&#8221;.<\/p>\n\n\n\n<p>O ministro-chefe da Secretaria de Comunica\u00e7\u00e3o, Paulo Pimenta, disse nas redes sociais, que tem certeza que a maioria dos brasileiros quer uni\u00e3o e paz para que o Brasil siga em frente. \u201cEssa manifesta\u00e7\u00e3o \u00e9 de uma minoria golpista que n\u00e3o aceita o resultado da elei\u00e7\u00e3o e que prega a viol\u00eancia. Uma minoria violenta, que vai &nbsp;ser tratada com o rigor da lei\u201d.<\/p>\n\n\n\n<p>Presidente do Senado e do Congresso Nacional, Rodrigo Pacheco disse repudiar &#8220;veementemente esses atos antidemocr\u00e1ticos&#8221;, que, segundo ele, dever\u00e3o &#8220;sofrer o rigor da lei com urg\u00eancia&#8221;. A Pol\u00edcia Legislativa tamb\u00e9m est\u00e1 no local, na tentativa de conter a invas\u00e3o.<\/p>\n\n\n\n<p>&#8220;Conversei h\u00e1 pouco, por telefone, com o governador do Distrito Federal, Ibaneis Rocha, com quem venho mantendo contato permanente. O governador me informou que est\u00e1 concentrando os esfor\u00e7os de todo o aparato policial no sentido de controlar a situa\u00e7\u00e3o&#8221;, disse Pacheco.<\/p>\n\n\n\n<p>O presidente da C\u00e2mara publicou nas redes sociais que o Congresso Social jamais negou &#8220;voz a quem queira se manifestar pacificamente&#8221;. &#8220;Mas nunca dar\u00e1 espa\u00e7o para a baderna, a destrui\u00e7\u00e3o e vandalismo.&#8221; Na postagem, Lira diz que os respons\u00e1veis que &#8220;romoveram e acorbetaram esse ataque \u00e0 democracia brasileira e aos seus principais s\u00edmbolos devem ser identificados e punidos na forma da lei&#8221;.<\/p>\n\n\n\n<p>&#8220;A democracia pressup\u00f5e altern\u00e2ncia de poder, diverg\u00eancias de pontos de vista, mas n\u00e3o admite as cenas deprimentes que o Brasil \u00e9 supreendido nesse momento. Agiremos com rigor para preservar a liberdade, a democracia e o respeito \u00e0 Constitui\u00e7\u00e3o&#8221;, escreveu Lira.<\/p>\n\n\n\n<p><strong>Fonte: Ag\u00eancia Brasil <\/strong><\/p>\n","protected":false},"excerpt":{"rendered":"<p>Manifestantes apoiadores do ex-presidente Jair Bolsonaro inconformados com o resultado das elei\u00e7\u00f5es invadiram o Congresso Nacional, o Pal\u00e1cio do Planalto e o Supremo Tribunal Federal (STF). A invas\u00e3o come\u00e7ou ap\u00f3s a barreira formada por policiais militares na Esplanada dos Minist\u00e9rio, que estava fechada, ter sido rompida. O Congresso Nacional foi o primeiro a ser invadido, [&hellip;]<\/p>\n","protected":false},"author":1,"featured_media":42523,"comment_status":"open","ping_status":"open","sticky":false,"template":"","format":"standard","meta":{"beyondwords_generate_audio":"","beyondwords_project_id":"","beyondwords_podcast_id":"","beyondwords_hash":"","beyondwords_error_message":"","beyondwords_disabled":"","publish_post_to_speechkit":"","speechkit_generate_audio":"","speechkit_project_id":"","speechkit_podcast_id":"","speechkit_hash":"","speechkit_error_message":"","speechkit_disabled":"","speechkit_access_key":"","speechkit_error":"","speechkit_info":"","speechkit_response":"","speechkit_retries":"","_speechkit_link":"","_speechkit_text":""},"categories":[134],"tags":[1416,487,7752,11139,5878],"jetpack_featured_media_url":"","_links":{"self":[{"href":"https:\/\/pinews.com.br\/index.php\/wp-json\/wp\/v2\/posts\/42522"}],"collection":[{"href":"https:\/\/pinews.com.br\/index.php\/wp-json\/wp\/v2\/posts"}],"about":[{"href":"https:\/\/pinews.com.br\/index.php\/wp-json\/wp\/v2\/types\/post"}],"author":[{"embeddable":true,"href":"https:\/\/pinews.com.br\/index.php\/wp-json\/wp\/v2\/users\/1"}],"replies":[{"embeddable":true,"href":"https:\/\/pinews.com.br\/index.php\/wp-json\/wp\/v2\/comments?post=42522"}],"version-history":[{"count":0,"href":"https:\/\/pinews.com.br\/index.php\/wp-json\/wp\/v2\/posts\/42522\/revisions"}],"wp:featuredmedia":[{"embeddable":true,"href":"https:\/\/pinews.com.br\/index.php\/wp-json\/"}],"wp:attachment":[{"href":"https:\/\/pinews.com.br\/index.php\/wp-json\/wp\/v2\/media?parent=42522"}],"wp:term":[{"taxonomy":"category","embeddable":true,"href":"https:\/\/pinews.com.br\/index.php\/wp-json\/wp\/v2\/categories?post=42522"},{"taxonomy":"post_tag","embeddable":true,"href":"https:\/\/pinews.com.br\/index.php\/wp-json\/wp\/v2\/tags?post=42522"}],"curies":[{"name":"wp","href":"https:\/\/api.w.org\/{rel}","templated":true}]}}