{"id":42592,"date":"2023-01-11T11:32:11","date_gmt":"2023-01-11T14:32:11","guid":{"rendered":"https:\/\/pinews.com.br\/?p=42592"},"modified":"2023-01-11T11:32:11","modified_gmt":"2023-01-11T14:32:11","slug":"operacao-prende-homem-acusado-de-trafico-de-drogas-no-piaui","status":"publish","type":"post","link":"https:\/\/pinews.com.br\/index.php\/2023\/01\/11\/operacao-prende-homem-acusado-de-trafico-de-drogas-no-piaui\/","title":{"rendered":"Opera\u00e7\u00e3o prende homem acusado de tr\u00e1fico de drogas no Piau\u00ed"},"content":{"rendered":"\n<p>Um suspeito, cujo nome n\u00e3o foi divulgado at\u00e9 o momento, suspeito de tr\u00e1fico de drogas, foi preso na manh\u00e3 desta quarta-feira (11\/01) em sua resid\u00eancia, em uma opera\u00e7\u00e3o da Pol\u00edcia Civil na Vila Anita Ferraz, Zona Leste de Teresina.<\/p>\n\n\n\n<p>Por meio de denuncias a pol\u00edcia tomou conhecimento de que este indiv\u00edduo teria um ponto de tr\u00e1fico, mantendo um com\u00e9rcio como fachada. No local foram encontrados papelotes, uma balan\u00e7a de precis\u00e3o, uma m\u00e1quina para cart\u00e3o de cr\u00e9dito e grande quantidade de dinheiro. Al\u00e9m disso o homem estava portando uma arma de fogo calibre 38, municiada.<\/p>\n\n\n\n<figure class=\"wp-block-image\"><img decoding=\"async\" src=\"http:\/\/storage.stwonline.com.br\/180graus\/media\/image_bank\/2023\/1\/51-1024x558_-3401278290994879200.jpeg\" alt=\"\"\/><figcaption class=\"wp-element-caption\">Foto: Reprodu\u00e7\u00e3o <\/figcaption><\/figure>\n\n\n\n<p>No local n\u00e3o foi poss\u00edvel encontrar drogas, mas em investiga\u00e7\u00e3o a Pol\u00edcia conversou com moradores da regi\u00e3o que confirmaram um fluxo de pessoas constante na casa.<\/p>\n\n\n\n<p>Sob o comando do delegado Tales Gomes, a opera\u00e7\u00e3o encaminhou o suspeito para a Central de Flagrantes. O indiv\u00edduo j\u00e1 possui passagem por tr\u00e1fico de drogas e ser\u00e1 indiciado tamb\u00e9m por porte ilegal de arma de fogo.<\/p>\n\n\n\n<p><br><strong>Fonte: RP50<\/strong><\/p>\n","protected":false},"excerpt":{"rendered":"<p>Um suspeito, cujo nome n\u00e3o foi divulgado at\u00e9 o momento, suspeito de tr\u00e1fico de drogas, foi preso na manh\u00e3 desta quarta-feira (11\/01) em sua resid\u00eancia, em uma opera\u00e7\u00e3o da Pol\u00edcia Civil na Vila Anita Ferraz, Zona Leste de Teresina. Por meio de denuncias a pol\u00edcia tomou conhecimento de que este indiv\u00edduo teria um ponto de [&hellip;]<\/p>\n","protected":false},"author":1,"featured_media":42593,"comment_status":"open","ping_status":"open","sticky":false,"template":"","format":"standard","meta":{"beyondwords_generate_audio":"","beyondwords_project_id":"","beyondwords_podcast_id":"","beyondwords_hash":"","beyondwords_error_message":"","beyondwords_disabled":"","publish_post_to_speechkit":"","speechkit_generate_audio":"","speechkit_project_id":"","speechkit_podcast_id":"","speechkit_hash":"","speechkit_error_message":"","speechkit_disabled":"","speechkit_access_key":"","speechkit_error":"","speechkit_info":"","speechkit_response":"","speechkit_retries":"","_speechkit_link":"","_speechkit_text":""},"categories":[51,78,81],"tags":[1273,44,193,84,383,52,112,195],"jetpack_featured_media_url":"","_links":{"self":[{"href":"https:\/\/pinews.com.br\/index.php\/wp-json\/wp\/v2\/posts\/42592"}],"collection":[{"href":"https:\/\/pinews.com.br\/index.php\/wp-json\/wp\/v2\/posts"}],"about":[{"href":"https:\/\/pinews.com.br\/index.php\/wp-json\/wp\/v2\/types\/post"}],"author":[{"embeddable":true,"href":"https:\/\/pinews.com.br\/index.php\/wp-json\/wp\/v2\/users\/1"}],"replies":[{"embeddable":true,"href":"https:\/\/pinews.com.br\/index.php\/wp-json\/wp\/v2\/comments?post=42592"}],"version-history":[{"count":0,"href":"https:\/\/pinews.com.br\/index.php\/wp-json\/wp\/v2\/posts\/42592\/revisions"}],"wp:featuredmedia":[{"embeddable":true,"href":"https:\/\/pinews.com.br\/index.php\/wp-json\/"}],"wp:attachment":[{"href":"https:\/\/pinews.com.br\/index.php\/wp-json\/wp\/v2\/media?parent=42592"}],"wp:term":[{"taxonomy":"category","embeddable":true,"href":"https:\/\/pinews.com.br\/index.php\/wp-json\/wp\/v2\/categories?post=42592"},{"taxonomy":"post_tag","embeddable":true,"href":"https:\/\/pinews.com.br\/index.php\/wp-json\/wp\/v2\/tags?post=42592"}],"curies":[{"name":"wp","href":"https:\/\/api.w.org\/{rel}","templated":true}]}}