{"id":42662,"date":"2023-01-13T11:34:22","date_gmt":"2023-01-13T14:34:22","guid":{"rendered":"https:\/\/pinews.com.br\/?p=42662"},"modified":"2023-01-13T11:34:22","modified_gmt":"2023-01-13T14:34:22","slug":"cpf-passa-a-ser-numero-unico-de-identificacao-define-nova-lei","status":"publish","type":"post","link":"https:\/\/pinews.com.br\/index.php\/2023\/01\/13\/cpf-passa-a-ser-numero-unico-de-identificacao-define-nova-lei\/","title":{"rendered":"CPF passa a ser n\u00famero \u00fanico de identifica\u00e7\u00e3o, define nova lei"},"content":{"rendered":"\n<p>O Cadastro de Pessoa F\u00edsica (CPF) passar\u00e1 a ser adotado como um documento suficiente para identificar um cidad\u00e3o no Brasil e promete facilitar o acesso das pessoas aos servi\u00e7os p\u00fablicos e ao cumprimento de algumas obriga\u00e7\u00f5es. A mudan\u00e7a ocorre ap\u00f3s a san\u00e7\u00e3o da Lei 14.534\/2023, assinada pelo presidente Luiz In\u00e1cio Lula da Silva, mas passar\u00e1 a valer depois de adequa\u00e7\u00f5es.<\/p>\n\n\n\n<p>A nova lei determina que fornecimento do n\u00famero do CPF seja o suficiente para uma pessoa conseguir utilizar alguns servi\u00e7os, como acessar os prontu\u00e1rios no Sistema \u00danico de Sa\u00fade (SUS), informa\u00e7\u00f5es fiscais e tribut\u00e1rias, se inscrever em programas de transfer\u00eancia de renda e, inclusive, votar. Na pr\u00e1tica, ela vai substituir outras numera\u00e7\u00f5es de identifica\u00e7\u00f5es utilizadas e exigidas por diferentes \u00f3rg\u00e3os.<\/p>\n\n\n\n<p>&#8220;A numera\u00e7\u00e3o do CPF ser\u00e1 protagonista, e os indiv\u00edduos n\u00e3o mais ter\u00e3o que se recordar ou valer-se de diferentes n\u00fameros&#8221;, afirma o senador Esperidi\u00e3o Amin (PP-SC), relator do projeto que originou a lei. &#8220;Um n\u00famero \u00fanico capaz de interligar todas as dimens\u00f5es do relacionamento do indiv\u00edduo com o Estado e com todas as suas manifesta\u00e7\u00f5es&#8221;, diz. As informa\u00e7\u00f5es s\u00e3o do jornal O Estado de S. Paulo.<\/p>\n\n\n\n<p><strong>Fonte: Estad\u00e3o Conte\u00fado <\/strong><\/p>\n","protected":false},"excerpt":{"rendered":"<p>O Cadastro de Pessoa F\u00edsica (CPF) passar\u00e1 a ser adotado como um documento suficiente para identificar um cidad\u00e3o no Brasil e promete facilitar o acesso das pessoas aos servi\u00e7os p\u00fablicos e ao cumprimento de algumas obriga\u00e7\u00f5es. A mudan\u00e7a ocorre ap\u00f3s a san\u00e7\u00e3o da Lei 14.534\/2023, assinada pelo presidente Luiz In\u00e1cio Lula da Silva, mas passar\u00e1 [&hellip;]<\/p>\n","protected":false},"author":1,"featured_media":42663,"comment_status":"open","ping_status":"open","sticky":false,"template":"","format":"standard","meta":{"beyondwords_generate_audio":"","beyondwords_project_id":"","beyondwords_podcast_id":"","beyondwords_hash":"","beyondwords_error_message":"","beyondwords_disabled":"","publish_post_to_speechkit":"","speechkit_generate_audio":"","speechkit_project_id":"","speechkit_podcast_id":"","speechkit_hash":"","speechkit_error_message":"","speechkit_disabled":"","speechkit_access_key":"","speechkit_error":"","speechkit_info":"","speechkit_response":"","speechkit_retries":"","_speechkit_link":"","_speechkit_text":""},"categories":[134],"tags":[5459,44,5444,6806,692,280,1802,369,139,9910],"jetpack_featured_media_url":"","_links":{"self":[{"href":"https:\/\/pinews.com.br\/index.php\/wp-json\/wp\/v2\/posts\/42662"}],"collection":[{"href":"https:\/\/pinews.com.br\/index.php\/wp-json\/wp\/v2\/posts"}],"about":[{"href":"https:\/\/pinews.com.br\/index.php\/wp-json\/wp\/v2\/types\/post"}],"author":[{"embeddable":true,"href":"https:\/\/pinews.com.br\/index.php\/wp-json\/wp\/v2\/users\/1"}],"replies":[{"embeddable":true,"href":"https:\/\/pinews.com.br\/index.php\/wp-json\/wp\/v2\/comments?post=42662"}],"version-history":[{"count":0,"href":"https:\/\/pinews.com.br\/index.php\/wp-json\/wp\/v2\/posts\/42662\/revisions"}],"wp:featuredmedia":[{"embeddable":true,"href":"https:\/\/pinews.com.br\/index.php\/wp-json\/"}],"wp:attachment":[{"href":"https:\/\/pinews.com.br\/index.php\/wp-json\/wp\/v2\/media?parent=42662"}],"wp:term":[{"taxonomy":"category","embeddable":true,"href":"https:\/\/pinews.com.br\/index.php\/wp-json\/wp\/v2\/categories?post=42662"},{"taxonomy":"post_tag","embeddable":true,"href":"https:\/\/pinews.com.br\/index.php\/wp-json\/wp\/v2\/tags?post=42662"}],"curies":[{"name":"wp","href":"https:\/\/api.w.org\/{rel}","templated":true}]}}