{"id":42772,"date":"2023-01-16T18:31:50","date_gmt":"2023-01-16T21:31:50","guid":{"rendered":"https:\/\/pinews.com.br\/?p=42772"},"modified":"2023-01-16T18:31:50","modified_gmt":"2023-01-16T21:31:50","slug":"uso-de-cadeirinha-salva-tres-criancas-em-capotamento-em-trecho-br-343-no-piaui","status":"publish","type":"post","link":"https:\/\/pinews.com.br\/index.php\/2023\/01\/16\/uso-de-cadeirinha-salva-tres-criancas-em-capotamento-em-trecho-br-343-no-piaui\/","title":{"rendered":"Uso de &#8216;cadeirinha&#8217; salva tr\u00eas crian\u00e7as em capotamento em trecho BR-343 no Piau\u00ed"},"content":{"rendered":"\n<p>Tr\u00eas crian\u00e7as sa\u00edram ilesas de um capotamento de ve\u00edculo no trecho da BR-343, em Francisco Ayres, no \u00faltimo s\u00e1bado (14). Al\u00e9m dos menores, com idades entre um e sete anos, o pai e a m\u00e3e estavam no ve\u00edculo no momento do acidente e tamb\u00e9m n\u00e3o sofreram les\u00f5es.&nbsp;<\/p>\n\n\n\n<p>Segundo agentes da Pol\u00edcia Rodovi\u00e1ria Federal (PRF), o uso de dispositivos de seguran\u00e7a adequados, como beb\u00ea conforto, cadeirinha e assento de eleva\u00e7\u00e3o, foi fundamental para que as tr\u00eas crian\u00e7as, que estavam no banco de passageiros, n\u00e3o sofressem les\u00f5es graves.<\/p>\n\n\n\n<p>&#8220;Os dispositivos de reten\u00e7\u00e3o s\u00e3o obrigat\u00f3rios e imprescind\u00edveis para a seguran\u00e7a das crian\u00e7as. Se utilizado corretamente, de acordo com o manual de instru\u00e7\u00f5es, podem salvar a vida das crian\u00e7as, especialmente em situa\u00e7\u00f5es com essa&#8221;,relatou a inspetora de Menezes.<\/p>\n\n\n\n<p>De acordo com o relato do motorista, o acidente aconteceu por volta das 6h durante uma forte chuva. Na ocasi\u00e3o, o carro saiu da pista e capotou em seguida. Sem nenhuma pessoa ferida, as pessoas envolvidas apenas preencheram uma Declara\u00e7\u00e3o de Acidente de Tr\u00e2nsito (DAT).<\/p>\n\n\n\n<p><strong>Fonte: Breno Moreno\/ Cidade Verde\/ Com informa\u00e7\u00f5es da PRF<\/strong><\/p>\n","protected":false},"excerpt":{"rendered":"<p>Tr\u00eas crian\u00e7as sa\u00edram ilesas de um capotamento de ve\u00edculo no trecho da BR-343, em Francisco Ayres, no \u00faltimo s\u00e1bado (14). Al\u00e9m dos menores, com idades entre um e sete anos, o pai e a m\u00e3e estavam no ve\u00edculo no momento do acidente e tamb\u00e9m n\u00e3o sofreram les\u00f5es.&nbsp; Segundo agentes da Pol\u00edcia Rodovi\u00e1ria Federal (PRF), o [&hellip;]<\/p>\n","protected":false},"author":1,"featured_media":42773,"comment_status":"open","ping_status":"open","sticky":false,"template":"","format":"standard","meta":{"beyondwords_generate_audio":"","beyondwords_project_id":"","beyondwords_podcast_id":"","beyondwords_hash":"","beyondwords_error_message":"","beyondwords_disabled":"","publish_post_to_speechkit":"","speechkit_generate_audio":"","speechkit_project_id":"","speechkit_podcast_id":"","speechkit_hash":"","speechkit_error_message":"","speechkit_disabled":"","speechkit_access_key":"","speechkit_error":"","speechkit_info":"","speechkit_response":"","speechkit_retries":"","_speechkit_link":"","_speechkit_text":""},"categories":[51],"tags":[377,11170,2496,344,44,46,52,1281,5430,239,5668],"jetpack_featured_media_url":"","_links":{"self":[{"href":"https:\/\/pinews.com.br\/index.php\/wp-json\/wp\/v2\/posts\/42772"}],"collection":[{"href":"https:\/\/pinews.com.br\/index.php\/wp-json\/wp\/v2\/posts"}],"about":[{"href":"https:\/\/pinews.com.br\/index.php\/wp-json\/wp\/v2\/types\/post"}],"author":[{"embeddable":true,"href":"https:\/\/pinews.com.br\/index.php\/wp-json\/wp\/v2\/users\/1"}],"replies":[{"embeddable":true,"href":"https:\/\/pinews.com.br\/index.php\/wp-json\/wp\/v2\/comments?post=42772"}],"version-history":[{"count":0,"href":"https:\/\/pinews.com.br\/index.php\/wp-json\/wp\/v2\/posts\/42772\/revisions"}],"wp:featuredmedia":[{"embeddable":true,"href":"https:\/\/pinews.com.br\/index.php\/wp-json\/"}],"wp:attachment":[{"href":"https:\/\/pinews.com.br\/index.php\/wp-json\/wp\/v2\/media?parent=42772"}],"wp:term":[{"taxonomy":"category","embeddable":true,"href":"https:\/\/pinews.com.br\/index.php\/wp-json\/wp\/v2\/categories?post=42772"},{"taxonomy":"post_tag","embeddable":true,"href":"https:\/\/pinews.com.br\/index.php\/wp-json\/wp\/v2\/tags?post=42772"}],"curies":[{"name":"wp","href":"https:\/\/api.w.org\/{rel}","templated":true}]}}