{"id":42775,"date":"2023-01-16T18:34:20","date_gmt":"2023-01-16T21:34:20","guid":{"rendered":"https:\/\/pinews.com.br\/?p=42775"},"modified":"2023-01-16T18:34:20","modified_gmt":"2023-01-16T21:34:20","slug":"jovem-e-sequestrado-por-homens-encapuzados-em-picos","status":"publish","type":"post","link":"https:\/\/pinews.com.br\/index.php\/2023\/01\/16\/jovem-e-sequestrado-por-homens-encapuzados-em-picos\/","title":{"rendered":"Jovem \u00e9 sequestrado por homens encapuzados em Picos"},"content":{"rendered":"\n<p>Na tarde da \u00faltima quinta-feira (12) o jovem Leandro de Souza, 24 anos, foi sequestrado no bairro Conduru, em Picos. Cinco homens encapuzados invadiram a resid\u00eancia em que ele se encontrava, o agrediram e o levaram \u00e0 for\u00e7a.<\/p>\n\n\n\n<p>Segundo informa\u00e7\u00f5es da fam\u00edlia da v\u00edtima, Leandro havia chegado recentemente de Juazeiro-BA e estava abrigado na resid\u00eancia da madrasta.<\/p>\n\n\n\n<p>&#8220;Ele tinha chegado de Juazeiro s\u00f3 tinha acabado de tomar banho e almo\u00e7ado. Cinco homens encapuzados e armados entraram dentro de casa. Dois homens ficaram na porta do muro e enquanto outros tr\u00eas batiam nele, s\u00f3 n\u00e3o mataram ele porque tinha gente dentro da casa&#8221;, informou a irm\u00e3 Rayane Souza.<\/p>\n\n\n\n<p>A v\u00edtima foi levada \u00e0 for\u00e7a sem camisa e colocada dentro de um carro de passeio, cor prata e sa\u00edram em dire\u00e7\u00e3o a um matagal. Depois disso, a fam\u00edlia n\u00e3o teve mais nenhuma informa\u00e7\u00e3o sobre Leandro.<\/p>\n\n\n\n<p>Diante do ocorrido a fam\u00edlia registrou Boletim de Ocorr\u00eancia e o caso est\u00e1 sendo investigado pela Pol\u00edcia Civil. Informa\u00e7\u00f5es sobre o crime est\u00e3o sendo levantadas e at\u00e9 o momento n\u00e3o se sabe sobre o paradeiro da v\u00edtima.<\/p>\n\n\n\n<p><strong>Fonte: Paula Monize\/ Cidade Verde <\/strong><\/p>\n","protected":false},"excerpt":{"rendered":"<p>Na tarde da \u00faltima quinta-feira (12) o jovem Leandro de Souza, 24 anos, foi sequestrado no bairro Conduru, em Picos. Cinco homens encapuzados invadiram a resid\u00eancia em que ele se encontrava, o agrediram e o levaram \u00e0 for\u00e7a. Segundo informa\u00e7\u00f5es da fam\u00edlia da v\u00edtima, Leandro havia chegado recentemente de Juazeiro-BA e estava abrigado na resid\u00eancia [&hellip;]<\/p>\n","protected":false},"author":1,"featured_media":42776,"comment_status":"open","ping_status":"open","sticky":false,"template":"","format":"standard","meta":{"beyondwords_generate_audio":"","beyondwords_project_id":"","beyondwords_podcast_id":"","beyondwords_hash":"","beyondwords_error_message":"","beyondwords_disabled":"","publish_post_to_speechkit":"","speechkit_generate_audio":"","speechkit_project_id":"","speechkit_podcast_id":"","speechkit_hash":"","speechkit_error_message":"","speechkit_disabled":"","speechkit_access_key":"","speechkit_error":"","speechkit_info":"","speechkit_response":"","speechkit_retries":"","_speechkit_link":"","_speechkit_text":""},"categories":[124,51,126,78],"tags":[72,46,1183,108,266,125,59,856],"jetpack_featured_media_url":"","_links":{"self":[{"href":"https:\/\/pinews.com.br\/index.php\/wp-json\/wp\/v2\/posts\/42775"}],"collection":[{"href":"https:\/\/pinews.com.br\/index.php\/wp-json\/wp\/v2\/posts"}],"about":[{"href":"https:\/\/pinews.com.br\/index.php\/wp-json\/wp\/v2\/types\/post"}],"author":[{"embeddable":true,"href":"https:\/\/pinews.com.br\/index.php\/wp-json\/wp\/v2\/users\/1"}],"replies":[{"embeddable":true,"href":"https:\/\/pinews.com.br\/index.php\/wp-json\/wp\/v2\/comments?post=42775"}],"version-history":[{"count":0,"href":"https:\/\/pinews.com.br\/index.php\/wp-json\/wp\/v2\/posts\/42775\/revisions"}],"wp:featuredmedia":[{"embeddable":true,"href":"https:\/\/pinews.com.br\/index.php\/wp-json\/"}],"wp:attachment":[{"href":"https:\/\/pinews.com.br\/index.php\/wp-json\/wp\/v2\/media?parent=42775"}],"wp:term":[{"taxonomy":"category","embeddable":true,"href":"https:\/\/pinews.com.br\/index.php\/wp-json\/wp\/v2\/categories?post=42775"},{"taxonomy":"post_tag","embeddable":true,"href":"https:\/\/pinews.com.br\/index.php\/wp-json\/wp\/v2\/tags?post=42775"}],"curies":[{"name":"wp","href":"https:\/\/api.w.org\/{rel}","templated":true}]}}