{"id":42783,"date":"2023-01-17T11:25:01","date_gmt":"2023-01-17T14:25:01","guid":{"rendered":"https:\/\/pinews.com.br\/?p=42783"},"modified":"2023-01-17T11:25:01","modified_gmt":"2023-01-17T14:25:01","slug":"mulher-tem-a-mao-amputada-apos-parto","status":"publish","type":"post","link":"https:\/\/pinews.com.br\/index.php\/2023\/01\/17\/mulher-tem-a-mao-amputada-apos-parto\/","title":{"rendered":"Mulher tem a m\u00e3o amputada ap\u00f3s parto"},"content":{"rendered":"\n<p>Gleice Kelly, uma mulher de 24 anos, foi ao hospital dar \u00e0 luz e deixou o local com a m\u00e3o amputada. \u00c0 CNN, a jovem falou sobre os dias intensos que viveu p\u00f3s-parto e como est\u00e1 a adapta\u00e7\u00e3o da sua nova realidade.<\/p>\n\n\n\n<p>No dia 9 de outubro, ela chegou ao Hospital da Mulher de Jacarepagu\u00e1, no Rio de Janeiro, com data marcada para o parto de Levi.<\/p>\n\n\n\n<p>Segundo Glecei, o parto foi r\u00e1pido, mas logo quando a m\u00e9dica estava a costurando, percebeu uma quantidade de sangue excessiva e, com isso, chamou outra colega para ajudar a examin\u00e1-la.<\/p>\n\n\n\n<p>\u201cAs duas avaliaram e realmente, eu estava tendo uma hemorragia. Elas precisavam correr para fazer alguma coisa, eu tive que ir para a sala de parto sem acesso venoso nenhum. Quando eu desmaiei esse acesso foi colocado\u201d, relatou.<\/p>\n\n\n\n<p>O acesso foi colocado no bra\u00e7o esquerdo, em cima da m\u00e3o. \u201cEle j\u00e1 tava um pouco vermelho e inchando. Na hora achei que era uma coisa normal. Nada demais, s\u00f3 que tava ardendo e um pouco doloroso. Eu falei da dor e elas falaram que era normal\u201d.<\/p>\n\n\n\n<p>Gleicei continuava sem conseguir ficar acordada, desmaiando repentinamente.<\/p>\n\n\n\n<p>Sua m\u00e3e e marido questionaram as m\u00e9dicas sobre o incha\u00e7o da m\u00e3o. Elas disseram poderia ser porque a paciente estava dormindo.<\/p>\n\n\n\n<p>O acesso acabou sendo retirado e come\u00e7aram a colocar gel gelado para tentar recuperar a circula\u00e7\u00e3o de sangue \u2013 o que n\u00e3o aconteceu.<\/p>\n\n\n\n<p><br>Nos dias 10 e 11, Gleicei ficou esperando o dia todo por uma vaga no Centro de Tratamento Intensivo (CTI). Ela foi transferida para outro hospital e chegou j\u00e1 na madrugada do dia 12.<\/p>\n\n\n\n<p>\u201cEles fizeram exames para tentar saber o que que era, ligaram para com cirurgi\u00e3o vascular que veio de imediato. Ele viveu bem r\u00e1pido para ele poder ver o que tava acontecendo para ele tentar uma manobra antes de amputar a m\u00e3o. Fez os cortes para ver se a circula\u00e7\u00e3o voltava\u201d, contou.<\/p>\n\n\n\n<p>Eu tinha que esperar dois ou tr\u00eas dias para o resultado. Eu estava correndo risco de amputar o bra\u00e7o todo, ent\u00e3o, eles tiveram que amputar a m\u00e3o mesmo\u201d.<\/p>\n\n\n\n<p>Sobre a adapta\u00e7\u00e3o das mudan\u00e7as do seu corpo, Glecei disse que est\u00e1 sendo dif\u00edcil.<\/p>\n\n\n\n<p>\u201cEu t\u00f4 me refazendo. Eu fiquei 24 anos, quase 25, daquele jeito ali, com as duas m\u00e3os, cuidando dos meus filhos, sem depender muito dos outros. Eu dependo muito mais agora. Eu n\u00e3o posso dar banho, ir na vacina\u00e7\u00e3o sozinha. Como que eu vou andar com bolsa? O nen\u00e9m?\u201d, pontuou<\/p>\n\n\n\n<p>\u201cTem sempre que ter algu\u00e9m comigo. O meu marido teve que sair do trabalho, porque j\u00e1 n\u00e3o estava aceitando os atestados, ent\u00e3o, ele teve que modificar a vida dele tamb\u00e9m\u201d, continuou.<\/p>\n\n\n\n<p>A&nbsp;<strong>CNN&nbsp;<\/strong>tamb\u00e9m conversou a sua advogada,&nbsp;<strong>Monalisa Gagno<\/strong>. Segundo ela, Glecei est\u00e1 bem abalada com a situa\u00e7\u00e3o e disse que elas est\u00e3o levantando dados para conseguir fazer o processo criminal.<\/p>\n\n\n\n<p>\u201cO IML que \u00e9 o exame de corpo delito, \u00e9 o que est\u00e1 sendo feito nesse momento e o processo judicial j\u00e1 foi feito\u201d.<\/p>\n\n\n\n<p>De acordo com a 41\u00aa DP (Tanque), o caso foi registrado como les\u00e3o corporal culposa. Testemunhas est\u00e3o sendo ouvidas e os documentos m\u00e9dicos foram requisitados para ajudar a esclarecer o caso.<\/p>\n\n\n\n<p>Monalisa ainda revelou que o hospital n\u00e3o deu nenhuma assist\u00eancia \u00e0 paciente.<\/p>\n\n\n\n<p>\u201cInclusive a m\u00e3o da Gleice ficou l\u00e1 n\u00e3o teve per\u00edcia para saber bi\u00f3psia para saber o que que houve\u201d, contou.<\/p>\n\n\n\n<p>Em nota, o hospital declarou que est\u00e1 totalmente solid\u00e1rio com a v\u00edtima, e lamentou profundamente o ocorrido.<\/p>\n\n\n\n<p>Reiterou o empenho em apurar com toda seriedade, transpar\u00eancia e aten\u00e7\u00e3o os procedimentos m\u00e9dicos e hospitalares adotados durante seu atendimento. Para tanto, solicitou ao Comit\u00ea de \u00c9tica M\u00e9dico a coordena\u00e7\u00e3o desses trabalhos.<\/p>\n\n\n\n<p>Independente de tal apura\u00e7\u00e3o, o hospital vem mantendo contato com a paciente e seus representantes para prestar todo acolhimento poss\u00edvel e atender suas necessidades, assim como se mantem \u00e0 disposi\u00e7\u00e3o para que todos os esclarecimentos necess\u00e1rios sejam realizados.<\/p>\n\n\n\n<p><strong>Fonte: CNN Brasil<\/strong><\/p>\n","protected":false},"excerpt":{"rendered":"<p>Gleice Kelly, uma mulher de 24 anos, foi ao hospital dar \u00e0 luz e deixou o local com a m\u00e3o amputada. \u00c0 CNN, a jovem falou sobre os dias intensos que viveu p\u00f3s-parto e como est\u00e1 a adapta\u00e7\u00e3o da sua nova realidade. No dia 9 de outubro, ela chegou ao Hospital da Mulher de Jacarepagu\u00e1, [&hellip;]<\/p>\n","protected":false},"author":1,"featured_media":42784,"comment_status":"open","ping_status":"open","sticky":false,"template":"","format":"standard","meta":{"beyondwords_generate_audio":"","beyondwords_project_id":"","beyondwords_podcast_id":"","beyondwords_hash":"","beyondwords_error_message":"","beyondwords_disabled":"","publish_post_to_speechkit":"","speechkit_generate_audio":"","speechkit_project_id":"","speechkit_podcast_id":"","speechkit_hash":"","speechkit_error_message":"","speechkit_disabled":"","speechkit_access_key":"","speechkit_error":"","speechkit_info":"","speechkit_response":"","speechkit_retries":"","_speechkit_link":"","_speechkit_text":""},"categories":[134],"tags":[6720,70,5786,135,6204,60],"jetpack_featured_media_url":"","_links":{"self":[{"href":"https:\/\/pinews.com.br\/index.php\/wp-json\/wp\/v2\/posts\/42783"}],"collection":[{"href":"https:\/\/pinews.com.br\/index.php\/wp-json\/wp\/v2\/posts"}],"about":[{"href":"https:\/\/pinews.com.br\/index.php\/wp-json\/wp\/v2\/types\/post"}],"author":[{"embeddable":true,"href":"https:\/\/pinews.com.br\/index.php\/wp-json\/wp\/v2\/users\/1"}],"replies":[{"embeddable":true,"href":"https:\/\/pinews.com.br\/index.php\/wp-json\/wp\/v2\/comments?post=42783"}],"version-history":[{"count":0,"href":"https:\/\/pinews.com.br\/index.php\/wp-json\/wp\/v2\/posts\/42783\/revisions"}],"wp:featuredmedia":[{"embeddable":true,"href":"https:\/\/pinews.com.br\/index.php\/wp-json\/"}],"wp:attachment":[{"href":"https:\/\/pinews.com.br\/index.php\/wp-json\/wp\/v2\/media?parent=42783"}],"wp:term":[{"taxonomy":"category","embeddable":true,"href":"https:\/\/pinews.com.br\/index.php\/wp-json\/wp\/v2\/categories?post=42783"},{"taxonomy":"post_tag","embeddable":true,"href":"https:\/\/pinews.com.br\/index.php\/wp-json\/wp\/v2\/tags?post=42783"}],"curies":[{"name":"wp","href":"https:\/\/api.w.org\/{rel}","templated":true}]}}