{"id":43351,"date":"2023-01-19T18:28:39","date_gmt":"2023-01-19T21:28:39","guid":{"rendered":"https:\/\/pinews.com.br\/?p=43351"},"modified":"2023-01-19T18:28:39","modified_gmt":"2023-01-19T21:28:39","slug":"bebe-de-seis-meses-sofre-lesoes-graves-em-acidente-na-br-315-no-piaui","status":"publish","type":"post","link":"https:\/\/pinews.com.br\/index.php\/2023\/01\/19\/bebe-de-seis-meses-sofre-lesoes-graves-em-acidente-na-br-315-no-piaui\/","title":{"rendered":"Beb\u00ea de seis meses sofre les\u00f5es graves em acidente na BR-315 no Piau\u00ed"},"content":{"rendered":"\n<p>Um beb\u00ea de seis meses de idade sofreu les\u00f5es graves durante um acidente na BR-135, no munic\u00edpio de Corrente, no interior do Piau\u00ed. De acordo com a Pol\u00edcia Rodovi\u00e1ria Federal (PRF-PI), a crian\u00e7a estava no colo da m\u00e3e e, com o impacto da colis\u00e3o, fraturou o cr\u00e2nio.&nbsp;<\/p>\n\n\n\n<p>O acidente ocorreu nesta quarta-feira (18). Com o beb\u00ea estavam ainda a m\u00e3e e o condutor de 21 anos que sa\u00edram ilesos.&nbsp;<\/p>\n\n\n\n<p>O segundo carro envolvido no acidente tamb\u00e9m era um Gol, ve\u00edculo que era conduzido por um idosa de 74 anos que sofreu les\u00f5es leves.&nbsp;<\/p>\n\n\n\n<p>&#8220;O ve\u00edculo onde estava a fam\u00edlia transitava no sentido Bom Jesus-Corrente, na BR-135. O segundo ve\u00edculo conduzido pelo idoso realizava manobra de retorno e na sequ\u00eancia colidiu transversalmente com o carro da fam\u00edlia&#8221;, informou a PRF.&nbsp;<\/p>\n\n\n\n<p>A causa presum\u00edvel do acidente foi o desrespeito \u00e0&nbsp; prefer\u00eancia no cruzamento.<\/p>\n\n\n\n<p><br><strong>&#8220;Cadeirinha&#8221; salva vida<\/strong><\/p>\n\n\n\n<p>Na semana passada foi registrado outro acidente grave envolvendo crian\u00e7as na BR-343. O carro da fam\u00edlia aquaplanou, saiu da pista e em seguida capotou, mas as tr\u00eas crian\u00e7as sa\u00edram ilesas e foram salvos pela &#8220;cadeirinha&#8221;.<\/p>\n\n\n\n<p><br><strong>Fonte: Graciane Ara\u00fajo\/ Cidade Verde <\/strong><\/p>\n","protected":false},"excerpt":{"rendered":"<p>Um beb\u00ea de seis meses de idade sofreu les\u00f5es graves durante um acidente na BR-135, no munic\u00edpio de Corrente, no interior do Piau\u00ed. De acordo com a Pol\u00edcia Rodovi\u00e1ria Federal (PRF-PI), a crian\u00e7a estava no colo da m\u00e3e e, com o impacto da colis\u00e3o, fraturou o cr\u00e2nio.&nbsp; O acidente ocorreu nesta quarta-feira (18). Com o [&hellip;]<\/p>\n","protected":false},"author":1,"featured_media":43352,"comment_status":"open","ping_status":"open","sticky":false,"template":"","format":"standard","meta":{"beyondwords_generate_audio":"","beyondwords_project_id":"","beyondwords_podcast_id":"","beyondwords_hash":"","beyondwords_error_message":"","beyondwords_disabled":"","publish_post_to_speechkit":"","speechkit_generate_audio":"","speechkit_project_id":"","speechkit_podcast_id":"","speechkit_hash":"","speechkit_error_message":"","speechkit_disabled":"","speechkit_access_key":"","speechkit_error":"","speechkit_info":"","speechkit_response":"","speechkit_retries":"","_speechkit_link":"","_speechkit_text":""},"categories":[51],"tags":[176,113,10139,44,46,6023,9341,118,91,52,676,405],"jetpack_featured_media_url":"","_links":{"self":[{"href":"https:\/\/pinews.com.br\/index.php\/wp-json\/wp\/v2\/posts\/43351"}],"collection":[{"href":"https:\/\/pinews.com.br\/index.php\/wp-json\/wp\/v2\/posts"}],"about":[{"href":"https:\/\/pinews.com.br\/index.php\/wp-json\/wp\/v2\/types\/post"}],"author":[{"embeddable":true,"href":"https:\/\/pinews.com.br\/index.php\/wp-json\/wp\/v2\/users\/1"}],"replies":[{"embeddable":true,"href":"https:\/\/pinews.com.br\/index.php\/wp-json\/wp\/v2\/comments?post=43351"}],"version-history":[{"count":0,"href":"https:\/\/pinews.com.br\/index.php\/wp-json\/wp\/v2\/posts\/43351\/revisions"}],"wp:featuredmedia":[{"embeddable":true,"href":"https:\/\/pinews.com.br\/index.php\/wp-json\/"}],"wp:attachment":[{"href":"https:\/\/pinews.com.br\/index.php\/wp-json\/wp\/v2\/media?parent=43351"}],"wp:term":[{"taxonomy":"category","embeddable":true,"href":"https:\/\/pinews.com.br\/index.php\/wp-json\/wp\/v2\/categories?post=43351"},{"taxonomy":"post_tag","embeddable":true,"href":"https:\/\/pinews.com.br\/index.php\/wp-json\/wp\/v2\/tags?post=43351"}],"curies":[{"name":"wp","href":"https:\/\/api.w.org\/{rel}","templated":true}]}}