{"id":43446,"date":"2023-01-23T18:22:43","date_gmt":"2023-01-23T21:22:43","guid":{"rendered":"https:\/\/pinews.com.br\/?p=43446"},"modified":"2023-01-23T18:22:43","modified_gmt":"2023-01-23T21:22:43","slug":"homem-e-preso-dentro-de-onibus-de-viagem-com-drogas-submetralhadora-e-fuzil-artesanais-no-piaui","status":"publish","type":"post","link":"https:\/\/pinews.com.br\/index.php\/2023\/01\/23\/homem-e-preso-dentro-de-onibus-de-viagem-com-drogas-submetralhadora-e-fuzil-artesanais-no-piaui\/","title":{"rendered":"Homem \u00e9 preso dentro de \u00f4nibus de viagem com drogas, submetralhadora e fuzil artesanais no Piau\u00ed"},"content":{"rendered":"\n<p>Um homem foi preso nesta segunda-feira (23) em um \u00f4nibus depois que policiais encontraram na sua mala duas armas de grosso calibre e v\u00e1rios pacotes contendo crack. O destino do homem era a cidade de Pedro II.<\/p>\n\n\n\n<p>A pris\u00e3o aconteceu por volta das 9h30 em Teresina. O homem carregava duas armas de fabrica\u00e7\u00e3o caseira: uma submetralhadora equipada com um silenciador de ru\u00eddo e um fuzil de plataforma AR-15.<\/p>\n\n\n\n<p>&#8220;S\u00e3o armas artesanais, mas feitas com base de fuzil e submetralhadora&#8221;, comentou a delegada Alexandra Santos, coordenadora da Delegacia de Preven\u00e7\u00e3o e Repress\u00e3o a Entorpecentes (Depre).<\/p>\n\n\n\n<p>Segundo a delegada, os policiais agiram ap\u00f3s receber uma den\u00fancia an\u00f4nima, com apoio da Pol\u00edcia Civil de Pedro II. O \u00f4nibus foi interceptado em uma rodovia federal.<\/p>\n\n\n\n<p>O homem respons\u00e1vel pelo transporte das armas e drogas \u00e9 natural de Pedro II, mas vive em S\u00e3o Paulo.<\/p>\n\n\n\n<blockquote class=\"wp-block-quote\">\n<p>&#8220;Ele informou que iria para Pedro II, que mora em S\u00e3o Paulo, e que tem o costume de fazer isso uma vez por m\u00eas&#8221;, contou a delegada.<\/p>\n<\/blockquote>\n\n\n\n<p>O homem disse ainda que \u00e9 membro de uma fac\u00e7\u00e3o criminosa. Para a delegada, as drogas e armas seriam utilizadas por criminosos que disputam o controle do tr\u00e1fico na cidade. &#8220;A regi\u00e3o que vem passando opor disputas entre fac\u00e7\u00f5es&#8221;, comentou.<\/p>\n\n\n\n<p><strong>Telefone da DEPRE para den\u00fancias&nbsp;<\/strong><strong>an\u00f4nimas<\/strong><strong>: (86) 3216-5281<\/strong><\/p>\n\n\n\n<p>Os policiais continuam investigando agora para tentar localizar as pessoas que enviaram a carga e aqueles que receberiam as armas e drogas.<\/p>\n\n\n\n<p>No mesmo \u00f4nibus os policiais flagraram ainda outro homem transportando drogas, nesse caso uma quantidade de maconha. Entretanto, ele n\u00e3o teria liga\u00e7\u00f5es com o homem preso com as armas, e deve responder por tr\u00e1fico de drogas.<\/p>\n\n\n\n<p><strong>Fonte: G1 Pl <\/strong><\/p>\n\n\n\n<p><\/p>\n","protected":false},"excerpt":{"rendered":"<p>Um homem foi preso nesta segunda-feira (23) em um \u00f4nibus depois que policiais encontraram na sua mala duas armas de grosso calibre e v\u00e1rios pacotes contendo crack. O destino do homem era a cidade de Pedro II. A pris\u00e3o aconteceu por volta das 9h30 em Teresina. O homem carregava duas armas de fabrica\u00e7\u00e3o caseira: uma [&hellip;]<\/p>\n","protected":false},"author":1,"featured_media":43447,"comment_status":"open","ping_status":"open","sticky":false,"template":"","format":"standard","meta":{"beyondwords_generate_audio":"","beyondwords_project_id":"","beyondwords_podcast_id":"","beyondwords_hash":"","beyondwords_error_message":"","beyondwords_disabled":"","publish_post_to_speechkit":"","speechkit_generate_audio":"","speechkit_project_id":"","speechkit_podcast_id":"","speechkit_hash":"","speechkit_error_message":"","speechkit_disabled":"","speechkit_access_key":"","speechkit_error":"","speechkit_info":"","speechkit_response":"","speechkit_retries":"","_speechkit_link":"","_speechkit_text":""},"categories":[51,78,81],"tags":[11193,44,192,193,72,10324,84,301,52,79,5216,668],"jetpack_featured_media_url":"","_links":{"self":[{"href":"https:\/\/pinews.com.br\/index.php\/wp-json\/wp\/v2\/posts\/43446"}],"collection":[{"href":"https:\/\/pinews.com.br\/index.php\/wp-json\/wp\/v2\/posts"}],"about":[{"href":"https:\/\/pinews.com.br\/index.php\/wp-json\/wp\/v2\/types\/post"}],"author":[{"embeddable":true,"href":"https:\/\/pinews.com.br\/index.php\/wp-json\/wp\/v2\/users\/1"}],"replies":[{"embeddable":true,"href":"https:\/\/pinews.com.br\/index.php\/wp-json\/wp\/v2\/comments?post=43446"}],"version-history":[{"count":0,"href":"https:\/\/pinews.com.br\/index.php\/wp-json\/wp\/v2\/posts\/43446\/revisions"}],"wp:featuredmedia":[{"embeddable":true,"href":"https:\/\/pinews.com.br\/index.php\/wp-json\/"}],"wp:attachment":[{"href":"https:\/\/pinews.com.br\/index.php\/wp-json\/wp\/v2\/media?parent=43446"}],"wp:term":[{"taxonomy":"category","embeddable":true,"href":"https:\/\/pinews.com.br\/index.php\/wp-json\/wp\/v2\/categories?post=43446"},{"taxonomy":"post_tag","embeddable":true,"href":"https:\/\/pinews.com.br\/index.php\/wp-json\/wp\/v2\/tags?post=43446"}],"curies":[{"name":"wp","href":"https:\/\/api.w.org\/{rel}","templated":true}]}}