{"id":43515,"date":"2023-01-25T18:34:26","date_gmt":"2023-01-25T21:34:26","guid":{"rendered":"https:\/\/pinews.com.br\/?p=43515"},"modified":"2023-01-25T18:34:26","modified_gmt":"2023-01-25T21:34:26","slug":"suspeito-de-recrutar-pessoas-para-escavar-tunel-em-direcao-a-penitenciaria-em-mt-e-preso-no-piaui","status":"publish","type":"post","link":"https:\/\/pinews.com.br\/index.php\/2023\/01\/25\/suspeito-de-recrutar-pessoas-para-escavar-tunel-em-direcao-a-penitenciaria-em-mt-e-preso-no-piaui\/","title":{"rendered":"Suspeito de recrutar pessoas para escavar t\u00fanel em dire\u00e7\u00e3o a penitenci\u00e1ria em MT \u00e9 preso no Piau\u00ed"},"content":{"rendered":"\n<p>Um homem de aproximadamente 45 anos foi preso em Oeiras, a 296 km de Teresina, suspeito de recrutar pessoas para escavarem um t\u00fanel em dire\u00e7\u00e3o \u00e0 Penitenci\u00e1ria Central do Mato Grosso, em Cuiab\u00e1. Al\u00e9m do Piau\u00ed e de Mato Grosso, foram cumpridos mandados na Bahia.<\/p>\n\n\n\n<blockquote class=\"wp-block-quote\">\n<p>&#8220;As investiga\u00e7\u00f5es est\u00e3o sendo feitas pela pol\u00edcia mato-grossense ent\u00e3o n\u00e3o temos muito detalhes, mas efetuamos hoje dois mandados de busca e apreens\u00e3o e um de pris\u00e3o em desfavor deste homem que se encontrava aqui na cidade&#8221;, afirmou o delegado Luciano Santana, da Delegacia Regional de Oeiras.<\/p>\n<\/blockquote>\n\n\n\n<p>Ao todo, conforme a pol\u00edcia, foram cumpridos oito mandados de pris\u00e3o, 12 de busca e apreens\u00e3o, e um de sequestro de bens. Os alvos da opera\u00e7\u00e3o, conforme a pol\u00edcia do Mato Grosso, s\u00e3o os respons\u00e1veis pela log\u00edstica do plano de escava\u00e7\u00e3o do t\u00fanel, desde o recrutamento dos trabalhadores at\u00e9 a execu\u00e7\u00e3o.<\/p>\n\n\n\n<p>Entre os alvos est\u00e1 um engenheiro do munic\u00edpio de Rondon\u00f3polis e o marido da propriet\u00e1ria do im\u00f3vel onde a passagem era constru\u00edda. A mulher ainda est\u00e1 foragida.<\/p>\n\n\n\n<h2>O crime<\/h2>\n\n\n\n<p>Doze pessoas &#8211; entre elas, tr\u00eas adolescentes &#8211; foram detidas no dia 13 de outubro de 2022 por escavar um t\u00fanel de 30 metros de extens\u00e3o em sentido \u00e0 Penitenci\u00e1ria Central do Estado (PCE), de acordo com a Pol\u00edcia Civil do Mato Grosso.<\/p>\n\n\n\n<p>A passagem foi aberta dentro de uma resid\u00eancia no Bairro Pascoal Ramos, em Cuiab\u00e1, e foi localizada pela Ger\u00eancia de Combate ao Crime Organizado (GCCO) a partir de uma den\u00fancia an\u00f4nima.<\/p>\n\n\n\n<p>&#8220;Eles estavam silenciosos e, aparentemente, a vizinhan\u00e7a n\u00e3o desconfiava de nada. A princ\u00edpio, eles ser\u00e3o indiciados por fazerem parte de uma organiza\u00e7\u00e3o criminosa&#8221;, disse o delegado Vitor Hugo Bruzulato, que investiga o caso.<\/p>\n\n\n\n<figure class=\"wp-block-image\"><img decoding=\"async\" src=\"https:\/\/s2.glbimg.com\/KJCJ1LglvB8fQ5oNLMcWd1iiQj4=\/0x0:1200x1600\/984x0\/smart\/filters:strip_icc()\/i.s3.glbimg.com\/v1\/AUTH_59edd422c0c84a879bd37670ae4f538a\/internal_photos\/bs\/2022\/P\/7\/IJzjDnTguTNTx4fu6M6Q\/whatsapp-image-2022-09-13-at-16.27.55-1-.jpeg\" alt=\"Suspeitos s\u00e3o presos pela pol\u00edcia em flagrante ao escavar t\u00fanel pr\u00f3ximo \u00e0 penitenci\u00e1ria \u2014 Foto: Pol\u00edcia Civil\/Divulga\u00e7\u00e3o\"\/><figcaption class=\"wp-element-caption\">Suspeitos s\u00e3o presos pela pol\u00edcia em flagrante ao escavar t\u00fanel pr\u00f3ximo \u00e0 penitenci\u00e1ria \u2014 Foto: Pol\u00edcia Civil\/Divulga\u00e7\u00e3o<\/figcaption><\/figure>\n\n\n\n<p>Ainda segundo o delegado, o grupo atuava h\u00e1 aproximadamente um m\u00eas no local, desde que alugaram a resid\u00eancia. Da casa at\u00e9 a penitenci\u00e1ria, s\u00e3o cerca de 260 metros.<\/p>\n\n\n\n<p><strong>Fonte: G1 PI <\/strong><\/p>\n","protected":false},"excerpt":{"rendered":"<p>Um homem de aproximadamente 45 anos foi preso em Oeiras, a 296 km de Teresina, suspeito de recrutar pessoas para escavarem um t\u00fanel em dire\u00e7\u00e3o \u00e0 Penitenci\u00e1ria Central do Mato Grosso, em Cuiab\u00e1. Al\u00e9m do Piau\u00ed e de Mato Grosso, foram cumpridos mandados na Bahia. &#8220;As investiga\u00e7\u00f5es est\u00e3o sendo feitas pela pol\u00edcia mato-grossense ent\u00e3o n\u00e3o [&hellip;]<\/p>\n","protected":false},"author":1,"featured_media":43516,"comment_status":"open","ping_status":"open","sticky":false,"template":"","format":"standard","meta":{"beyondwords_generate_audio":"","beyondwords_project_id":"","beyondwords_podcast_id":"","beyondwords_hash":"","beyondwords_error_message":"","beyondwords_disabled":"","publish_post_to_speechkit":"","speechkit_generate_audio":"","speechkit_project_id":"","speechkit_podcast_id":"","speechkit_hash":"","speechkit_error_message":"","speechkit_disabled":"","speechkit_access_key":"","speechkit_error":"","speechkit_info":"","speechkit_response":"","speechkit_retries":"","_speechkit_link":"","_speechkit_text":""},"categories":[134,51,78],"tags":[44,8137,72,46,11201,8859,350,1417,259,52,79,11202,130,2275],"jetpack_featured_media_url":"","_links":{"self":[{"href":"https:\/\/pinews.com.br\/index.php\/wp-json\/wp\/v2\/posts\/43515"}],"collection":[{"href":"https:\/\/pinews.com.br\/index.php\/wp-json\/wp\/v2\/posts"}],"about":[{"href":"https:\/\/pinews.com.br\/index.php\/wp-json\/wp\/v2\/types\/post"}],"author":[{"embeddable":true,"href":"https:\/\/pinews.com.br\/index.php\/wp-json\/wp\/v2\/users\/1"}],"replies":[{"embeddable":true,"href":"https:\/\/pinews.com.br\/index.php\/wp-json\/wp\/v2\/comments?post=43515"}],"version-history":[{"count":0,"href":"https:\/\/pinews.com.br\/index.php\/wp-json\/wp\/v2\/posts\/43515\/revisions"}],"wp:featuredmedia":[{"embeddable":true,"href":"https:\/\/pinews.com.br\/index.php\/wp-json\/"}],"wp:attachment":[{"href":"https:\/\/pinews.com.br\/index.php\/wp-json\/wp\/v2\/media?parent=43515"}],"wp:term":[{"taxonomy":"category","embeddable":true,"href":"https:\/\/pinews.com.br\/index.php\/wp-json\/wp\/v2\/categories?post=43515"},{"taxonomy":"post_tag","embeddable":true,"href":"https:\/\/pinews.com.br\/index.php\/wp-json\/wp\/v2\/tags?post=43515"}],"curies":[{"name":"wp","href":"https:\/\/api.w.org\/{rel}","templated":true}]}}