{"id":43568,"date":"2023-01-27T18:17:33","date_gmt":"2023-01-27T21:17:33","guid":{"rendered":"https:\/\/pinews.com.br\/?p=43568"},"modified":"2023-01-27T18:17:33","modified_gmt":"2023-01-27T21:17:33","slug":"carroceiro-furta-loja-e-e-preso-ao-vender-mercadoria-no-piaui","status":"publish","type":"post","link":"https:\/\/pinews.com.br\/index.php\/2023\/01\/27\/carroceiro-furta-loja-e-e-preso-ao-vender-mercadoria-no-piaui\/","title":{"rendered":"Carroceiro furta loja e \u00e9 preso ao vender mercadoria no Piau\u00ed"},"content":{"rendered":"\n<p>Na manh\u00e3 desta sexta-feira a Delegacia de Capturas (DECAP) realizou a pris\u00e3o de tr\u00eas homens, n\u00e3o identificado, acusados de furto e recepta\u00e7\u00e3o de telhas. Um dos suspeitos usou uma carro\u00e7a para transportar a mercadoria furtada de uma loja do Centro de Teresina e tentar vend\u00ea-la no Troca-troca.<\/p>\n\n\n\n<p>Um dos suspeitos confessou que furtou as telhas de um estabelecimento. Segundo ele, enquanto catava algumas latinhas avistou o material em uma loja e aproveitou a oportunidade para furt\u00e1-las.<\/p>\n\n\n\n<p>\u201cN\u00e3o \u00e9 a primeira vez que acontece esses tipos de furto qualificado, com rompimento de obst\u00e1culos, nas lojas do Centro de Teresina. Eles n\u00e3o est\u00e3o satisfeitos em apenas furtar os interiores das lojas, est\u00e3o furtando agora os telhados h\u00e1 algum tempo\u201d<\/p>\n\n\n\n<p>De acordo como delegado a Pol\u00edcia acompanhou toda a a\u00e7\u00e3o dos suspeitos para ent\u00e3o realizar a pris\u00e3o do trio.<\/p>\n\n\n\n<p>\u201cDessa vez, a gente fez quest\u00e3o de acompanhar quem estava furtando at\u00e9 o local onde ele iria vender, que era para gente realizar a pris\u00e3o tanto de quem furtou, de quem transportou como tamb\u00e9m de quem compraria a mercadoria, porque tamb\u00e9m sabia que era produto de furto.\u201d<\/p>\n\n\n\n<p>Os tr\u00eas envolvidos nesta associa\u00e7\u00e3o criminosa foram encaminhados \u00e0 Central de Flagrantes. Os tr\u00eas responder\u00e3o pela pr\u00e1tica il\u00edcita realizada.<\/p>\n\n\n\n<p><strong>Fonte: RP50\/ 180 Graus <\/strong><\/p>\n","protected":false},"excerpt":{"rendered":"<p>Na manh\u00e3 desta sexta-feira a Delegacia de Capturas (DECAP) realizou a pris\u00e3o de tr\u00eas homens, n\u00e3o identificado, acusados de furto e recepta\u00e7\u00e3o de telhas. Um dos suspeitos usou uma carro\u00e7a para transportar a mercadoria furtada de uma loja do Centro de Teresina e tentar vend\u00ea-la no Troca-troca. Um dos suspeitos confessou que furtou as telhas [&hellip;]<\/p>\n","protected":false},"author":1,"featured_media":43569,"comment_status":"open","ping_status":"open","sticky":false,"template":"","format":"standard","meta":{"beyondwords_generate_audio":"","beyondwords_project_id":"","beyondwords_podcast_id":"","beyondwords_hash":"","beyondwords_error_message":"","beyondwords_disabled":"","publish_post_to_speechkit":"","speechkit_generate_audio":"","speechkit_project_id":"","speechkit_podcast_id":"","speechkit_hash":"","speechkit_error_message":"","speechkit_disabled":"","speechkit_access_key":"","speechkit_error":"","speechkit_info":"","speechkit_response":"","speechkit_retries":"","_speechkit_link":"","_speechkit_text":""},"categories":[51,78,81],"tags":[132,11208,72,715,589,8256,249,79,5364],"jetpack_featured_media_url":"","_links":{"self":[{"href":"https:\/\/pinews.com.br\/index.php\/wp-json\/wp\/v2\/posts\/43568"}],"collection":[{"href":"https:\/\/pinews.com.br\/index.php\/wp-json\/wp\/v2\/posts"}],"about":[{"href":"https:\/\/pinews.com.br\/index.php\/wp-json\/wp\/v2\/types\/post"}],"author":[{"embeddable":true,"href":"https:\/\/pinews.com.br\/index.php\/wp-json\/wp\/v2\/users\/1"}],"replies":[{"embeddable":true,"href":"https:\/\/pinews.com.br\/index.php\/wp-json\/wp\/v2\/comments?post=43568"}],"version-history":[{"count":0,"href":"https:\/\/pinews.com.br\/index.php\/wp-json\/wp\/v2\/posts\/43568\/revisions"}],"wp:featuredmedia":[{"embeddable":true,"href":"https:\/\/pinews.com.br\/index.php\/wp-json\/"}],"wp:attachment":[{"href":"https:\/\/pinews.com.br\/index.php\/wp-json\/wp\/v2\/media?parent=43568"}],"wp:term":[{"taxonomy":"category","embeddable":true,"href":"https:\/\/pinews.com.br\/index.php\/wp-json\/wp\/v2\/categories?post=43568"},{"taxonomy":"post_tag","embeddable":true,"href":"https:\/\/pinews.com.br\/index.php\/wp-json\/wp\/v2\/tags?post=43568"}],"curies":[{"name":"wp","href":"https:\/\/api.w.org\/{rel}","templated":true}]}}