{"id":4361,"date":"2020-01-28T12:32:04","date_gmt":"2020-01-28T15:32:04","guid":{"rendered":"https:\/\/pinews.com.br\/?p=4361"},"modified":"2020-01-28T12:32:04","modified_gmt":"2020-01-28T15:32:04","slug":"fiacao-sofre-curto-circuito-e-incendeia-residencia-em-sao-juliao-pi","status":"publish","type":"post","link":"https:\/\/pinews.com.br\/index.php\/2020\/01\/28\/fiacao-sofre-curto-circuito-e-incendeia-residencia-em-sao-juliao-pi\/","title":{"rendered":"Fia\u00e7\u00e3o sofre curto-circuito e incendeia resid\u00eancia em S\u00e3o Juli\u00e3o \u2013 PI"},"content":{"rendered":"\n<p>Foto: Reprodu\u00e7\u00e3o <\/p>\n\n\n\n<p style=\"text-align:justify\">Um curto-circuito na fia\u00e7\u00e3o el\u00e9trica provocou um inc\u00eandio numa resid\u00eancia na Rua Jos\u00e9 Leandro, pr\u00f3ximo ao centro do munic\u00edpio de S\u00e3o Juli\u00e3o \u2013 PI.<\/p>\n\n\n\n<p style=\"text-align:justify\">As chamas destru\u00edram todos os m\u00f3veis e objetos do quarto no interior da resid\u00eancia.<\/p>\n\n\n\n<figure class=\"wp-block-image\"><img decoding=\"async\" src=\"https:\/\/i1.wp.com\/www.portalenoticias.com.br\/wp-content\/uploads\/2020\/01\/bffaea86-9992-4058-a681-eb4250b2bc0e.jpg?resize=600%2C608&amp;ssl=1\" alt=\"\" class=\"wp-image-71694\"\/><figcaption>Curto-circuito teria iniciado numa tomada no quarto na resid\u00eancia<\/figcaption><\/figure>\n\n\n\n<p style=\"text-align:justify\">No momento do acidente, a dona de casa identificada por Maria do Braga, conta que estava lavando roupa quando sentiu o cheiro de queimado.<\/p>\n\n\n\n<p style=\"text-align:justify\">\u201cEu estava lavando roupa quando senti o cheiro forte de queimado e fui averiguar, ao chegar no quarto estava tudo em chamas, fuma\u00e7a e cinzas\u201d, disse.<\/p>\n\n\n\n<figure class=\"wp-block-image\"><img decoding=\"async\" src=\"https:\/\/i2.wp.com\/www.portalenoticias.com.br\/wp-content\/uploads\/2020\/01\/bf330365-2868-4b09-8051-e62b2d8b6631.jpg?resize=800%2C600&amp;ssl=1\" alt=\"\" class=\"wp-image-71693\"\/><figcaption>Movimenta\u00e7\u00e3o em frente a resid\u00eancia<\/figcaption><\/figure>\n\n\n\n<p style=\"text-align:justify\">A moradora saiu e pediu ajuda e acabou sendo socorrida por populares. Apesar do susto, os preju\u00edzos foi apenas material.<\/p>\n\n\n\n<p><strong>Veja mais fotos:<\/strong><\/p>\n\n\n\n<figure class=\"wp-block-image\"><img decoding=\"async\" src=\"https:\/\/i0.wp.com\/www.portalenoticias.com.br\/wp-content\/uploads\/2020\/01\/41000b81-6ab2-4983-ab5c-1bb4d5869d1c.jpg?resize=800%2C600&amp;ssl=1\" alt=\"\" class=\"wp-image-71689\"\/><\/figure>\n\n\n\n<figure class=\"wp-block-image\"><img decoding=\"async\" src=\"https:\/\/i2.wp.com\/www.portalenoticias.com.br\/wp-content\/uploads\/2020\/01\/cc6cf9e4-c9e4-4817-baea-c2021bba015a.jpg?resize=800%2C600&amp;ssl=1\" alt=\"\" class=\"wp-image-71690\"\/><\/figure>\n\n\n\n<figure class=\"wp-block-image\"><img decoding=\"async\" src=\"https:\/\/i0.wp.com\/www.portalenoticias.com.br\/wp-content\/uploads\/2020\/01\/865661c6-607e-425e-9043-c0a9bc2cd003.jpg?resize=800%2C600&amp;ssl=1\" alt=\"\" class=\"wp-image-71691\"\/><\/figure>\n\n\n\n<figure class=\"wp-block-image\"><img decoding=\"async\" src=\"https:\/\/i1.wp.com\/www.portalenoticias.com.br\/wp-content\/uploads\/2020\/01\/1cd7e834-1d30-451c-bcf5-22cb06e947cf.jpg?resize=800%2C600&amp;ssl=1\" alt=\"\" class=\"wp-image-71692\"\/><\/figure>\n\n\n\n<p>Fotos: Reprodu\u00e7\u00e3o <\/p>\n\n\n\n<p><strong>Fonte: Portal \u00c9 Not\u00edcias<\/strong> <\/p>\n","protected":false},"excerpt":{"rendered":"<p>Foto: Reprodu\u00e7\u00e3o Um curto-circuito na fia\u00e7\u00e3o el\u00e9trica provocou um inc\u00eandio numa resid\u00eancia na Rua Jos\u00e9 Leandro, pr\u00f3ximo ao centro do munic\u00edpio de S\u00e3o Juli\u00e3o \u2013 PI. As chamas destru\u00edram todos os m\u00f3veis e objetos do quarto no interior da resid\u00eancia. No momento do acidente, a dona de casa identificada por Maria do Braga, conta que [&hellip;]<\/p>\n","protected":false},"author":1,"featured_media":4362,"comment_status":"open","ping_status":"open","sticky":false,"template":"","format":"standard","meta":{"beyondwords_generate_audio":"","beyondwords_project_id":"","beyondwords_podcast_id":"","beyondwords_hash":"","beyondwords_error_message":"","beyondwords_disabled":"","publish_post_to_speechkit":"","speechkit_generate_audio":"","speechkit_project_id":"","speechkit_podcast_id":"","speechkit_hash":"","speechkit_error_message":"","speechkit_disabled":"","speechkit_access_key":"","speechkit_error":"","speechkit_info":"","speechkit_response":"","speechkit_retries":"","_speechkit_link":"","_speechkit_text":""},"categories":[1184,124,51,500],"tags":[1943,1944,547,52,324,1219],"jetpack_featured_media_url":"","_links":{"self":[{"href":"https:\/\/pinews.com.br\/index.php\/wp-json\/wp\/v2\/posts\/4361"}],"collection":[{"href":"https:\/\/pinews.com.br\/index.php\/wp-json\/wp\/v2\/posts"}],"about":[{"href":"https:\/\/pinews.com.br\/index.php\/wp-json\/wp\/v2\/types\/post"}],"author":[{"embeddable":true,"href":"https:\/\/pinews.com.br\/index.php\/wp-json\/wp\/v2\/users\/1"}],"replies":[{"embeddable":true,"href":"https:\/\/pinews.com.br\/index.php\/wp-json\/wp\/v2\/comments?post=4361"}],"version-history":[{"count":0,"href":"https:\/\/pinews.com.br\/index.php\/wp-json\/wp\/v2\/posts\/4361\/revisions"}],"wp:featuredmedia":[{"embeddable":true,"href":"https:\/\/pinews.com.br\/index.php\/wp-json\/"}],"wp:attachment":[{"href":"https:\/\/pinews.com.br\/index.php\/wp-json\/wp\/v2\/media?parent=4361"}],"wp:term":[{"taxonomy":"category","embeddable":true,"href":"https:\/\/pinews.com.br\/index.php\/wp-json\/wp\/v2\/categories?post=4361"},{"taxonomy":"post_tag","embeddable":true,"href":"https:\/\/pinews.com.br\/index.php\/wp-json\/wp\/v2\/tags?post=4361"}],"curies":[{"name":"wp","href":"https:\/\/api.w.org\/{rel}","templated":true}]}}