{"id":43654,"date":"2023-01-30T11:14:42","date_gmt":"2023-01-30T14:14:42","guid":{"rendered":"https:\/\/pinews.com.br\/?p=43654"},"modified":"2023-01-30T11:14:42","modified_gmt":"2023-01-30T14:14:42","slug":"auxilio-gas-volta-a-ser-pago-a-partir-de-fevereiro-veja-quem-tem-direito","status":"publish","type":"post","link":"https:\/\/pinews.com.br\/index.php\/2023\/01\/30\/auxilio-gas-volta-a-ser-pago-a-partir-de-fevereiro-veja-quem-tem-direito\/","title":{"rendered":"Aux\u00edlio G\u00e1s volta a ser pago a partir de fevereiro; veja quem tem direito"},"content":{"rendered":"\n<p>O Aux\u00edlio G\u00e1s voltar\u00e1 a ser pago em fevereiro, junto com o Aux\u00edlio Brasil, que ter\u00e1 o nome mudado para Bolsa Fam\u00edlia. O benef\u00edcio, que \u00e9 bimestral, ter\u00e1 o valor mantido em 100% da m\u00e9dia nacional do botij\u00e3o de g\u00e1s de cozinha de 13 quilos.<\/p>\n\n\n\n<p>Segundo o MDS (Minist\u00e9rio do Desenvolvimento e Assist\u00eancia Social, Fam\u00edlia e Combate \u00e0 Fome), o valor de fevereiro ainda ser\u00e1 definido, j\u00e1 que leva em conta a m\u00e9dia semestral de pre\u00e7os do GLP, publicada no portal da ANP (Ag\u00eancia Nacional de Petr\u00f3leo, G\u00e1s Natural e Biocombust\u00edveis). Em dezembro, o aux\u00edlio foi pago a mais de 5,98 milh\u00f5es de fam\u00edlias, no valor de R$ 112.<\/p>\n\n\n\n<p>Os primeiros a receber s\u00e3o os benefici\u00e1rios com NIS de final 1. O pagamento seguir\u00e1 de forma escalonada, de acordo com o final do NIS, do dia 13 ao dia 28 de fevereiro, com intervalo durante o feriado de Carnaval.<\/p>\n\n\n\n<h3>Confira o calend\u00e1rio de fevereiro<\/h3>\n\n\n\n<p><br>NIS 1 \u2013 13\/2<br>NIS 2 \u2013 14\/2<br>NIS 3 \u2013 15\/2<br>NIS 4 \u2013 16\/2<br>NIS 5 \u2013 17\/2<br>NIS 6 \u2013 22\/2<br>NIS 7 \u2013 23\/2<br>NIS 8 \u2013 24\/2<br>NIS 9 \u2013 27\/2<br>NIS 0 \u2013 28\/2<\/p>\n\n\n\n<h3>Benef\u00edcio<\/h3>\n\n\n\n<p>O Aux\u00edlio G\u00e1s passou de 50% para 100% do valor do botij\u00e3o desde agosto do ano passado. O novo governo manteve o aumento, al\u00e9m do Bolsa Fam\u00edlia de R$ 600, ap\u00f3s aprova\u00e7\u00e3o no fim do ano da PEC (proposta de emenda \u00e0 Constitui\u00e7\u00e3o) do Estouro, que permite expans\u00e3o do teto de gastos em R$ 145 bilh\u00f5es.<\/p>\n\n\n\n<p>Uma portaria editada no \u00faltimo dia 17 regulamentou medida provis\u00f3ria que garante o pagamento do valor m\u00ednimo de R$ 600 mensais aos benefici\u00e1rios do programa de transfer\u00eancia de renda federal e o pagamento de 100% do Aux\u00edlio G\u00e1s.<\/p>\n\n\n\n<p>A validade da parcela do benef\u00edcio do Programa Aux\u00edlio G\u00e1s \u00e9 de 120 dias, contados da data em que for disponibilizado o benef\u00edcio na op\u00e7\u00e3o de pagamento.<\/p>\n\n\n\n<h3>Quem recebe<\/h3>\n\n\n\n<p><br>Para receber o aux\u00edlio, as fam\u00edlias devem atender a par\u00e2metros de elegibilidade e ter os dados atualizados no Cad\u00danico (Cadastro \u00danico) nos \u00faltimos 24 meses. Al\u00e9m disso, \u00e9 preciso que n\u00e3o haja diverg\u00eancia entre as informa\u00e7\u00f5es declaradas no cadastro e as que est\u00e3o em outras bases de dados do governo federal.<\/p>\n\n\n\n<p>Para a inclus\u00e3o no programa, o principal crit\u00e9rio \u00e9 a renda mensal calculada por pessoa da fam\u00edlia, que corresponde \u00e0 soma de quanto cada integrante ganha por m\u00eas dividida pelo n\u00famero de pessoas que moram na casa.<\/p>\n\n\n\n<p>\u2022 Se a renda mensal por pessoa for de at\u00e9 R$ 105 (situa\u00e7\u00e3o de extrema pobreza), a entrada no programa poder\u00e1 acontecer mesmo que a fam\u00edlia n\u00e3o tenha crian\u00e7as nem adolescentes;<\/p>\n\n\n\n<p>\u2022 Se a renda por pessoa for de R$ 105,01 a R$ 210 (situa\u00e7\u00e3o de pobreza), a inclus\u00e3o s\u00f3 ser\u00e1 permitida se a fam\u00edlia tiver, em sua composi\u00e7\u00e3o, gestantes, crian\u00e7as ou adolescentes.<\/p>\n\n\n\n<p>Quem estiver em uma dessas situa\u00e7\u00f5es, mas ainda n\u00e3o fez a matr\u00edcula no Cad\u00danico, precisar\u00e1 se inscrever e aguardar a an\u00e1lise informatizada, que avalia todas as regras do programa. A sele\u00e7\u00e3o \u00e9 realizada de forma autom\u00e1tica, considerando a estimativa de pobreza, a quantidade de fam\u00edlias atendidas em cada munic\u00edpio e o limite or\u00e7ament\u00e1rio anual do programa de transfer\u00eancia de renda, por meio do Sibec (Sistema de Benef\u00edcios ao Cidad\u00e3o).<\/p>\n\n\n\n<p>O dinheiro pode ser movimentado por meio do aplicativo Caixa Tem, sem a necessidade de ir a uma ag\u00eancia para realizar o saque.<\/p>\n\n\n\n<p><strong>Fonte: R7<\/strong><\/p>\n","protected":false},"excerpt":{"rendered":"<p>O Aux\u00edlio G\u00e1s voltar\u00e1 a ser pago em fevereiro, junto com o Aux\u00edlio Brasil, que ter\u00e1 o nome mudado para Bolsa Fam\u00edlia. O benef\u00edcio, que \u00e9 bimestral, ter\u00e1 o valor mantido em 100% da m\u00e9dia nacional do botij\u00e3o de g\u00e1s de cozinha de 13 quilos. Segundo o MDS (Minist\u00e9rio do Desenvolvimento e Assist\u00eancia Social, Fam\u00edlia [&hellip;]<\/p>\n","protected":false},"author":1,"featured_media":43655,"comment_status":"open","ping_status":"open","sticky":false,"template":"","format":"standard","meta":{"beyondwords_generate_audio":"","beyondwords_project_id":"","beyondwords_podcast_id":"","beyondwords_hash":"","beyondwords_error_message":"","beyondwords_disabled":"","publish_post_to_speechkit":"","speechkit_generate_audio":"","speechkit_project_id":"","speechkit_podcast_id":"","speechkit_hash":"","speechkit_error_message":"","speechkit_disabled":"","speechkit_access_key":"","speechkit_error":"","speechkit_info":"","speechkit_response":"","speechkit_retries":"","_speechkit_link":"","_speechkit_text":""},"categories":[516,134],"tags":[2647,44,1390,1786,1056,5861,5303,7289,139,60,425,3342],"jetpack_featured_media_url":"","_links":{"self":[{"href":"https:\/\/pinews.com.br\/index.php\/wp-json\/wp\/v2\/posts\/43654"}],"collection":[{"href":"https:\/\/pinews.com.br\/index.php\/wp-json\/wp\/v2\/posts"}],"about":[{"href":"https:\/\/pinews.com.br\/index.php\/wp-json\/wp\/v2\/types\/post"}],"author":[{"embeddable":true,"href":"https:\/\/pinews.com.br\/index.php\/wp-json\/wp\/v2\/users\/1"}],"replies":[{"embeddable":true,"href":"https:\/\/pinews.com.br\/index.php\/wp-json\/wp\/v2\/comments?post=43654"}],"version-history":[{"count":0,"href":"https:\/\/pinews.com.br\/index.php\/wp-json\/wp\/v2\/posts\/43654\/revisions"}],"wp:featuredmedia":[{"embeddable":true,"href":"https:\/\/pinews.com.br\/index.php\/wp-json\/"}],"wp:attachment":[{"href":"https:\/\/pinews.com.br\/index.php\/wp-json\/wp\/v2\/media?parent=43654"}],"wp:term":[{"taxonomy":"category","embeddable":true,"href":"https:\/\/pinews.com.br\/index.php\/wp-json\/wp\/v2\/categories?post=43654"},{"taxonomy":"post_tag","embeddable":true,"href":"https:\/\/pinews.com.br\/index.php\/wp-json\/wp\/v2\/tags?post=43654"}],"curies":[{"name":"wp","href":"https:\/\/api.w.org\/{rel}","templated":true}]}}