{"id":4402,"date":"2020-01-30T19:24:13","date_gmt":"2020-01-30T22:24:13","guid":{"rendered":"https:\/\/pinews.com.br\/?p=4402"},"modified":"2020-01-30T19:24:13","modified_gmt":"2020-01-30T22:24:13","slug":"vaqueiro-morre-apos-cair-de-cavalo-na-zona-rural-de-geminiano","status":"publish","type":"post","link":"https:\/\/pinews.com.br\/index.php\/2020\/01\/30\/vaqueiro-morre-apos-cair-de-cavalo-na-zona-rural-de-geminiano\/","title":{"rendered":"Vaqueiro morre ap\u00f3s cair de cavalo na zona rural de Geminiano"},"content":{"rendered":"\n<p>Reprodu\u00e7\u00e3o <\/p>\n\n\n\n<p style=\"text-align:justify\">Um vaqueiro morreu na manh\u00e3 desta quinta-feira (30), ap\u00f3s cair de um cavalo no Assentamento Barreiros, zona rural de Geminiano. Pedro Costa Feitosa, de 56 anos, andava montado quando de repente o animal come\u00e7ou a saltar, ele tentou acalmar o animal, mas n\u00e3o obteve \u00eaxito nas tentativas, perdeu o controle e caiu.<\/p>\n\n\n\n<p style=\"text-align:justify\">O acidente aconteceu em frente \u00e0 Igreja cat\u00f3lica da comunidade. Segundo uma testemunha, o vaqueiro se deslocava para sua propriedade, a cerca de 2 Km do local da queda. De acordo com informa\u00e7\u00f5es da testemunha, Pedro andava acompanhado de uma de suas filhas, que fazia o mesmo trajeto, s\u00f3 que montada em um outro cavalo.<\/p>\n\n\n\n<p style=\"text-align:justify\">Pedrinho de Cei\u00e7a, como era conhecido, foi socorrido imediatamente por um vizinho e encaminhado ao hospital Regional Justino Luz, em Picos, mas n\u00e3o resistiu aos ferimentos e veio a \u00f3bito antes mesmo de dar entrada na emerg\u00eancia da unidade de sa\u00fade.<\/p>\n\n\n\n<p style=\"text-align:justify\">Ele era casado e deixa a vi\u00fava com dois filhos, e mais quatro do seu primeiro casamento. O corpo ser\u00e1 velado em sua resid\u00eancia e o sepultamento ocorrer\u00e1 nesta sexta-feira (31) no cemit\u00e9rio da comunidade<\/p>\n\n\n\n<p><strong>Fonte: Grande Picos<\/strong><\/p>\n","protected":false},"excerpt":{"rendered":"<p>Reprodu\u00e7\u00e3o Um vaqueiro morreu na manh\u00e3 desta quinta-feira (30), ap\u00f3s cair de um cavalo no Assentamento Barreiros, zona rural de Geminiano. Pedro Costa Feitosa, de 56 anos, andava montado quando de repente o animal come\u00e7ou a saltar, ele tentou acalmar o animal, mas n\u00e3o obteve \u00eaxito nas tentativas, perdeu o controle e caiu. O acidente [&hellip;]<\/p>\n","protected":false},"author":1,"featured_media":4404,"comment_status":"open","ping_status":"open","sticky":false,"template":"","format":"standard","meta":{"beyondwords_generate_audio":"","beyondwords_project_id":"","beyondwords_podcast_id":"","beyondwords_hash":"","beyondwords_error_message":"","beyondwords_disabled":"","publish_post_to_speechkit":"","speechkit_generate_audio":"","speechkit_project_id":"","speechkit_podcast_id":"","speechkit_hash":"","speechkit_error_message":"","speechkit_disabled":"","speechkit_access_key":"","speechkit_error":"","speechkit_info":"","speechkit_response":"","speechkit_retries":"","_speechkit_link":"","_speechkit_text":""},"categories":[1184,51],"tags":[176,302,1569,119,52],"jetpack_featured_media_url":"","_links":{"self":[{"href":"https:\/\/pinews.com.br\/index.php\/wp-json\/wp\/v2\/posts\/4402"}],"collection":[{"href":"https:\/\/pinews.com.br\/index.php\/wp-json\/wp\/v2\/posts"}],"about":[{"href":"https:\/\/pinews.com.br\/index.php\/wp-json\/wp\/v2\/types\/post"}],"author":[{"embeddable":true,"href":"https:\/\/pinews.com.br\/index.php\/wp-json\/wp\/v2\/users\/1"}],"replies":[{"embeddable":true,"href":"https:\/\/pinews.com.br\/index.php\/wp-json\/wp\/v2\/comments?post=4402"}],"version-history":[{"count":0,"href":"https:\/\/pinews.com.br\/index.php\/wp-json\/wp\/v2\/posts\/4402\/revisions"}],"wp:featuredmedia":[{"embeddable":true,"href":"https:\/\/pinews.com.br\/index.php\/wp-json\/"}],"wp:attachment":[{"href":"https:\/\/pinews.com.br\/index.php\/wp-json\/wp\/v2\/media?parent=4402"}],"wp:term":[{"taxonomy":"category","embeddable":true,"href":"https:\/\/pinews.com.br\/index.php\/wp-json\/wp\/v2\/categories?post=4402"},{"taxonomy":"post_tag","embeddable":true,"href":"https:\/\/pinews.com.br\/index.php\/wp-json\/wp\/v2\/tags?post=4402"}],"curies":[{"name":"wp","href":"https:\/\/api.w.org\/{rel}","templated":true}]}}