{"id":4429,"date":"2020-02-01T12:44:38","date_gmt":"2020-02-01T15:44:38","guid":{"rendered":"https:\/\/pinews.com.br\/?p=4429"},"modified":"2020-02-01T12:44:38","modified_gmt":"2020-02-01T15:44:38","slug":"motociclista-tem-perna-dilacerada-em-grave-acidente-no-litoral-do-piaui","status":"publish","type":"post","link":"https:\/\/pinews.com.br\/index.php\/2020\/02\/01\/motociclista-tem-perna-dilacerada-em-grave-acidente-no-litoral-do-piaui\/","title":{"rendered":"Motociclista tem perna dilacerada em grave acidente no litoral do Piau\u00ed"},"content":{"rendered":"\n<p><em>Foto: Reprodu\u00e7\u00e3o<\/em> <\/p>\n\n\n\n<p style=\"text-align:justify\">Um grave acidente ocorreu na tarde desta sexta-feira (31) por volta das 16h na Avenida Armando Cajub\u00e1, no bairro S\u00e3o Francisco da Grarita, em Parna\u00edba, envolvendo um motociclista e um idoso identificado por Edilson Dourado morador do Residencial Dom Rufino III. As informa\u00e7\u00f5es s\u00e3o do&nbsp;Jornal da Parna\u00edba.<\/p>\n\n\n\n<p style=\"text-align:justify\">A v\u00edtima apresentava sinais de embriaguez quando se envolveu no acidente. Ele teria invadido a preferencial e um ve\u00edculo de passeio colidiu contra sua moto.<\/p>\n\n\n\n<p style=\"text-align:justify\">Uma parte da perna esquerda da v\u00edtima ficou dilacerada, praticamente amputada. O Servi\u00e7o de Atendimento M\u00f3vel de Urg\u00eancia (SAMU) fez o atendimento dos primeiros socorros e encaminhou a v\u00edtima para o Hospital Estadual Dirceu Arcoverde (HEDA) que deu entrada de imediato no centro cir\u00fargico e teve parte da perna amputada.<\/p>\n\n\n\n<p><strong>Fonte: Meio Norte <\/strong><\/p>\n\n\n\n<p><strong>Com informa\u00e7\u00f5es do Jornal da Parna\u00edba<\/strong> <\/p>\n","protected":false},"excerpt":{"rendered":"<p>Foto: Reprodu\u00e7\u00e3o Um grave acidente ocorreu na tarde desta sexta-feira (31) por volta das 16h na Avenida Armando Cajub\u00e1, no bairro S\u00e3o Francisco da Grarita, em Parna\u00edba, envolvendo um motociclista e um idoso identificado por Edilson Dourado morador do Residencial Dom Rufino III. As informa\u00e7\u00f5es s\u00e3o do&nbsp;Jornal da Parna\u00edba. A v\u00edtima apresentava sinais de embriaguez [&hellip;]<\/p>\n","protected":false},"author":1,"featured_media":4430,"comment_status":"open","ping_status":"open","sticky":false,"template":"","format":"standard","meta":{"beyondwords_generate_audio":"","beyondwords_project_id":"","beyondwords_podcast_id":"","beyondwords_hash":"","beyondwords_error_message":"","beyondwords_disabled":"","publish_post_to_speechkit":"","speechkit_generate_audio":"","speechkit_project_id":"","speechkit_podcast_id":"","speechkit_hash":"","speechkit_error_message":"","speechkit_disabled":"","speechkit_access_key":"","speechkit_error":"","speechkit_info":"","speechkit_response":"","speechkit_retries":"","_speechkit_link":"","_speechkit_text":""},"categories":[51],"tags":[176,1963,296,933,52],"jetpack_featured_media_url":"https:\/\/pinews.com.br\/wp-content\/uploads\/2021\/08\/h43.jpg","_links":{"self":[{"href":"https:\/\/pinews.com.br\/index.php\/wp-json\/wp\/v2\/posts\/4429"}],"collection":[{"href":"https:\/\/pinews.com.br\/index.php\/wp-json\/wp\/v2\/posts"}],"about":[{"href":"https:\/\/pinews.com.br\/index.php\/wp-json\/wp\/v2\/types\/post"}],"author":[{"embeddable":true,"href":"https:\/\/pinews.com.br\/index.php\/wp-json\/wp\/v2\/users\/1"}],"replies":[{"embeddable":true,"href":"https:\/\/pinews.com.br\/index.php\/wp-json\/wp\/v2\/comments?post=4429"}],"version-history":[{"count":0,"href":"https:\/\/pinews.com.br\/index.php\/wp-json\/wp\/v2\/posts\/4429\/revisions"}],"wp:featuredmedia":[{"embeddable":true,"href":"https:\/\/pinews.com.br\/index.php\/wp-json\/wp\/v2\/media\/4430"}],"wp:attachment":[{"href":"https:\/\/pinews.com.br\/index.php\/wp-json\/wp\/v2\/media?parent=4429"}],"wp:term":[{"taxonomy":"category","embeddable":true,"href":"https:\/\/pinews.com.br\/index.php\/wp-json\/wp\/v2\/categories?post=4429"},{"taxonomy":"post_tag","embeddable":true,"href":"https:\/\/pinews.com.br\/index.php\/wp-json\/wp\/v2\/tags?post=4429"}],"curies":[{"name":"wp","href":"https:\/\/api.w.org\/{rel}","templated":true}]}}