{"id":4525,"date":"2020-02-06T13:10:51","date_gmt":"2020-02-06T16:10:51","guid":{"rendered":"https:\/\/pinews.com.br\/?p=4525"},"modified":"2020-02-06T13:10:51","modified_gmt":"2020-02-06T16:10:51","slug":"fabrica-de-pecas-para-parques-eolicos-e-inaugurada-em-paulistana","status":"publish","type":"post","link":"https:\/\/pinews.com.br\/index.php\/2020\/02\/06\/fabrica-de-pecas-para-parques-eolicos-e-inaugurada-em-paulistana\/","title":{"rendered":"F\u00e1brica de pe\u00e7as para parques e\u00f3licos \u00e9 inaugurada em Paulistana"},"content":{"rendered":"\n<p><em>Foto: Reprodu\u00e7\u00e3o<\/em> <\/p>\n\n\n\n<p style=\"text-align:justify\">O destaque do Piau\u00ed na \u00e1rea de energias renov\u00e1veis tem atra\u00eddo investimentos ao estado e movimentado a economia regional. Hoje, uma f\u00e1brica de material para parques e\u00f3licos foi inaugurada em Paulistana, cidade a 470 km de Teresina. Trata-se da empresa Rutten \u2013 Rudloff Protende Engenharia.<\/p>\n\n\n\n<p style=\"text-align:justify\">A f\u00e1brica tem como objetivo produzir equipamentos que fa\u00e7am parte da montagem das torres e\u00f3licas do parque e\u00f3lico de Lagoa do Barro, munic\u00edpio pr\u00f3ximo de Paulistana. Esses equipamentos ser\u00e3o concreto protendido, aparelhos de apoio met\u00e1lico, emendas para barras de a\u00e7o, usinagem, torres e\u00f3licas de concreto e componentes met\u00e1licos para torres e\u00f3licas.<\/p>\n\n\n\n<p style=\"text-align:justify\">A promessa \u00e9 gerar 30 empregos diretos e produ\u00e7\u00e3o de 230 torres por ano, sendo que cada uma leva seis cabos que podem pesar at\u00e9 tr\u00eas toneladas. A ideia \u00e9 abastecer tamb\u00e9m outros estados pr\u00f3ximos.<\/p>\n\n\n\n<p style=\"text-align:justify\">De acordo com Igor Neri, secret\u00e1rio do Desenvolvimento Econ\u00f4mico, a empresa Rutten enxergou no Piau\u00ed, um grande potencial em energia renov\u00e1vel. &#8220;Ao perceber o grande potencial do estado em energias limpas, a empresa procurou uma parceria. Com isso, a Secretaria do Desenvolvimento Econ\u00f4mico (SDE), deu todo o suporte e iniciou um trabalho no sentido de trazer a Rudloff de fato para o estado, n\u00e3o s\u00f3 para produzir as torres de Lagoa do Barro, mas tamb\u00e9m para projetos futuros na regi\u00e3o, que foi o caso de Paulistana&#8221;, disse ele.<\/p>\n\n\n\n<figure class=\"wp-block-image\"><img decoding=\"async\" src=\"https:\/\/cidadeverde.com\/assets\/uploads\/posts\/fabrica-paulistana.jpg\" alt=\"\"\/><figcaption>Foto: CCOM \/ Divulga\u00e7\u00e3o<\/figcaption><\/figure>\n\n\n\n<p style=\"text-align:justify\">Para o governador do Estado, Wellington Dias, a vinda da ind\u00fastria para o Piau\u00ed vai gerar muita competitividade, o que \u00e9 bom para o Estado e o coloca em um lugar de destaque. \u201cA Rutten produz cabos para v\u00e1rios usos, um deles s\u00e3o os cabos que s\u00e3o colocados nas torres de energia e\u00f3lica para sustentar a for\u00e7a e o peso da mesma. Tudo ser\u00e1 produzido em Paulistana, onde aqui a gente j\u00e1 fornece para a empresa Nordex e Acciona, que por exemplo, est\u00e3o na regi\u00e3o de Lagoa do Barro. J\u00e1 fornecemos para o Rio Grande do Norte a partir de Paulistana, e vamos fornecer para outros estados do Brasil e tamb\u00e9m para o exterior. Fico feliz por uma ind\u00fastria que ir\u00e1 gerar emprego, renda e desenvolvimento para nosso estado, e com certeza ajudar\u00e1 a dar cada vez mais competitividade para o Piau\u00ed, para o Nordeste e para o Brasil, com produtos de qualidade e com um pre\u00e7o mais acess\u00edvel\u201d, ressaltou Dias.<\/p>\n\n\n\n<p><strong>Fonte: Cidade Verde<\/strong><\/p>\n","protected":false},"excerpt":{"rendered":"<p>Foto: Reprodu\u00e7\u00e3o O destaque do Piau\u00ed na \u00e1rea de energias renov\u00e1veis tem atra\u00eddo investimentos ao estado e movimentado a economia regional. Hoje, uma f\u00e1brica de material para parques e\u00f3licos foi inaugurada em Paulistana, cidade a 470 km de Teresina. Trata-se da empresa Rutten \u2013 Rudloff Protende Engenharia. A f\u00e1brica tem como objetivo produzir equipamentos que [&hellip;]<\/p>\n","protected":false},"author":1,"featured_media":4526,"comment_status":"open","ping_status":"open","sticky":false,"template":"","format":"standard","meta":{"beyondwords_generate_audio":"","beyondwords_project_id":"","beyondwords_podcast_id":"","beyondwords_hash":"","beyondwords_error_message":"","beyondwords_disabled":"","publish_post_to_speechkit":"","speechkit_generate_audio":"","speechkit_project_id":"","speechkit_podcast_id":"","speechkit_hash":"","speechkit_error_message":"","speechkit_disabled":"","speechkit_access_key":"","speechkit_error":"","speechkit_info":"","speechkit_response":"","speechkit_retries":"","_speechkit_link":"","_speechkit_text":""},"categories":[51],"tags":[1989,1990,1991,276,1992],"jetpack_featured_media_url":"","_links":{"self":[{"href":"https:\/\/pinews.com.br\/index.php\/wp-json\/wp\/v2\/posts\/4525"}],"collection":[{"href":"https:\/\/pinews.com.br\/index.php\/wp-json\/wp\/v2\/posts"}],"about":[{"href":"https:\/\/pinews.com.br\/index.php\/wp-json\/wp\/v2\/types\/post"}],"author":[{"embeddable":true,"href":"https:\/\/pinews.com.br\/index.php\/wp-json\/wp\/v2\/users\/1"}],"replies":[{"embeddable":true,"href":"https:\/\/pinews.com.br\/index.php\/wp-json\/wp\/v2\/comments?post=4525"}],"version-history":[{"count":0,"href":"https:\/\/pinews.com.br\/index.php\/wp-json\/wp\/v2\/posts\/4525\/revisions"}],"wp:featuredmedia":[{"embeddable":true,"href":"https:\/\/pinews.com.br\/index.php\/wp-json\/"}],"wp:attachment":[{"href":"https:\/\/pinews.com.br\/index.php\/wp-json\/wp\/v2\/media?parent=4525"}],"wp:term":[{"taxonomy":"category","embeddable":true,"href":"https:\/\/pinews.com.br\/index.php\/wp-json\/wp\/v2\/categories?post=4525"},{"taxonomy":"post_tag","embeddable":true,"href":"https:\/\/pinews.com.br\/index.php\/wp-json\/wp\/v2\/tags?post=4525"}],"curies":[{"name":"wp","href":"https:\/\/api.w.org\/{rel}","templated":true}]}}