{"id":45682,"date":"2023-04-10T18:19:49","date_gmt":"2023-04-10T21:19:49","guid":{"rendered":"https:\/\/pinews.com.br\/?p=45682"},"modified":"2023-04-10T18:19:49","modified_gmt":"2023-04-10T21:19:49","slug":"por-falta-de-vaga-acompanhante-quebra-vidraca-e-tecnica-em-enfermagem-e-ferida-no-piaui","status":"publish","type":"post","link":"https:\/\/pinews.com.br\/index.php\/2023\/04\/10\/por-falta-de-vaga-acompanhante-quebra-vidraca-e-tecnica-em-enfermagem-e-ferida-no-piaui\/","title":{"rendered":"Por falta de vaga, acompanhante quebra vidra\u00e7a e t\u00e9cnica em enfermagem \u00e9 ferida no Piau\u00ed"},"content":{"rendered":"\n<p>Uma t\u00e9cnica em enfermagem em Teresina foi atingida com estilha\u00e7os de vidro na cabe\u00e7a e na face ap\u00f3s um acompanhante desferir um soco na vidra\u00e7a da enfermaria porque n\u00e3o teria vaga para uma paciente e seria necess\u00e1rio regula\u00e7\u00e3o para uma outra unidade de sa\u00fade. O caso ocorreu na madrugada desta segunda-feira (10), na maternidade do Promorar, na zona Sul.&nbsp;<\/p>\n\n\n\n<p>&#8220;Ap\u00f3s saber que seria necess\u00e1rio regula\u00e7\u00e3o, ele foi pedir informa\u00e7\u00f5es de onde realizava um exame. A\u00ed quando paciente foi realizar o exame n\u00e3o encontrou os profissionais. Ent\u00e3o, voltou alterado, come\u00e7ou dizer v\u00e1rios palavr\u00f5es e bateu na vidra\u00e7a e os estilha\u00e7os me atingiram. Estava eu e mais duas profissionais&#8221;, disse abalada a t\u00e9cnica em enfermagem ao Cidadeverde.com.<\/p>\n\n\n\n<p>Um boletim de ocorr\u00eancia por les\u00e3o corporal dolosa e dano foi registrado no 4\u00ba Distrito Policia ainda durante a madrugada.&nbsp;<\/p>\n\n\n\n<p>O presidente do Sindicato dos Enfermeiros, Auxiliares e T\u00e9cnicos em Enfermagem (Senatepi), Erick Ricceli, disse que o caso n\u00e3o \u00e9 uma situa\u00e7\u00e3o isolada.&nbsp;<\/p>\n\n\n\n<p>&#8220;N\u00e3o s\u00e3o fatos isolados e os motivos s\u00e3o os mais absurdos, apesar da intensa atua\u00e7\u00e3o do Senatepi contra esses absurdos. A gente v\u00ea que ainda acontecem coisas como ocorreu nesta madrugada na maternidade do Promorar, onde um acompanhante insatisfeito com a informa\u00e7\u00e3o repassada pela m\u00e9dica que a paciente seria regulada, mas teria atendimento em outra unidade de sa\u00fade que tinha vaga, desferiu um soco no vidro que s\u00f3 n\u00e3o cegou a t\u00e9cnica em enfermagem porque ela conseguiu proteger os olhos dos estilha\u00e7os. Mas ficaram vis\u00edveis as escoria\u00e7\u00f5es na face e na cabe\u00e7a&#8221;, disse Ricceli.<\/p>\n\n\n\n<p>Ele cobra por mais seguran\u00e7a aos profissionais da \u00e1rea e questiona o fato do agressor ter sido liberado pelo policial militar de plant\u00e3o.&nbsp;<\/p>\n\n\n\n<p>&#8220;O mais absurdo \u00e9 que a Pol\u00edcia Militar disse que estava tudo resolvido apenas com uma conversa. Esse n\u00e3o \u00e9 o procedimento correto! ainda bem que a profissional de enfermagem fez o boletim de ocorr\u00eancia, solicitamos que ela registrasse no livro e vamos acompanhar de perto esse fato. Agress\u00e3o contra profissionais da enfermagem, n\u00f3s n\u00e3o vamos permitir sob nenhuma circunst\u00e2ncia e ficar impune esses agressores&#8221;, frisa Ricceli que acrescenta que o Senatepi acompanha juridicamente a profissional de enfermagem e tamb\u00e9m comunicou o caso \u00e0 Funda\u00e7\u00e3o Municipal de Sa\u00fade (FMS). <\/p>\n\n\n\n<p>Por meio de nota, a FMS informou que&nbsp; a dire\u00e7\u00e3o do hospital&nbsp; lamenta o ocorrido e se solidariza com a funcion\u00e1ria que foi ouvida e acolhida pela gest\u00e3o.&nbsp;<\/p>\n\n\n\n<p>&#8220;Em virtude do ocorrido,&nbsp; a dire\u00e7\u00e3o registrou um boletim de ocorr\u00eancia e tamb\u00e9m solicitou uma reuni\u00e3o com o comandandte respons\u00e1vel pelo policiamento da unidade para cobrar provid\u00eancias quanto ao ocorrido e discutir melhorias para seguran\u00e7a dos profissionais&#8221;, informou a FMS.<\/p>\n\n\n\n<p><strong>Fonte: Breno Moreno\/ Cidade Verde <\/strong><\/p>\n","protected":false},"excerpt":{"rendered":"<p>Uma t\u00e9cnica em enfermagem em Teresina foi atingida com estilha\u00e7os de vidro na cabe\u00e7a e na face ap\u00f3s um acompanhante desferir um soco na vidra\u00e7a da enfermaria porque n\u00e3o teria vaga para uma paciente e seria necess\u00e1rio regula\u00e7\u00e3o para uma outra unidade de sa\u00fade. O caso ocorreu na madrugada desta segunda-feira (10), na maternidade do [&hellip;]<\/p>\n","protected":false},"author":1,"featured_media":45683,"comment_status":"open","ping_status":"open","sticky":false,"template":"","format":"standard","meta":{"beyondwords_generate_audio":"","beyondwords_project_id":"","beyondwords_podcast_id":"","beyondwords_hash":"","beyondwords_error_message":"","beyondwords_disabled":"","publish_post_to_speechkit":"","speechkit_generate_audio":"","speechkit_project_id":"","speechkit_podcast_id":"","speechkit_hash":"","speechkit_error_message":"","speechkit_disabled":"","speechkit_access_key":"","speechkit_error":"","speechkit_info":"","speechkit_response":"","speechkit_retries":"","_speechkit_link":"","_speechkit_text":""},"categories":[51,81],"tags":[6629,44,72,46,722,5682,554,52,59,1026,724,5879,11317],"jetpack_featured_media_url":"","_links":{"self":[{"href":"https:\/\/pinews.com.br\/index.php\/wp-json\/wp\/v2\/posts\/45682"}],"collection":[{"href":"https:\/\/pinews.com.br\/index.php\/wp-json\/wp\/v2\/posts"}],"about":[{"href":"https:\/\/pinews.com.br\/index.php\/wp-json\/wp\/v2\/types\/post"}],"author":[{"embeddable":true,"href":"https:\/\/pinews.com.br\/index.php\/wp-json\/wp\/v2\/users\/1"}],"replies":[{"embeddable":true,"href":"https:\/\/pinews.com.br\/index.php\/wp-json\/wp\/v2\/comments?post=45682"}],"version-history":[{"count":0,"href":"https:\/\/pinews.com.br\/index.php\/wp-json\/wp\/v2\/posts\/45682\/revisions"}],"wp:featuredmedia":[{"embeddable":true,"href":"https:\/\/pinews.com.br\/index.php\/wp-json\/"}],"wp:attachment":[{"href":"https:\/\/pinews.com.br\/index.php\/wp-json\/wp\/v2\/media?parent=45682"}],"wp:term":[{"taxonomy":"category","embeddable":true,"href":"https:\/\/pinews.com.br\/index.php\/wp-json\/wp\/v2\/categories?post=45682"},{"taxonomy":"post_tag","embeddable":true,"href":"https:\/\/pinews.com.br\/index.php\/wp-json\/wp\/v2\/tags?post=45682"}],"curies":[{"name":"wp","href":"https:\/\/api.w.org\/{rel}","templated":true}]}}