{"id":45688,"date":"2023-04-10T20:47:15","date_gmt":"2023-04-10T23:47:15","guid":{"rendered":"https:\/\/pinews.com.br\/?p=45688"},"modified":"2023-04-10T20:47:15","modified_gmt":"2023-04-10T23:47:15","slug":"corpo-de-jovem-desaparecido-e-encontrado-em-riacho-na-proximidade-da-pi-112","status":"publish","type":"post","link":"https:\/\/pinews.com.br\/index.php\/2023\/04\/10\/corpo-de-jovem-desaparecido-e-encontrado-em-riacho-na-proximidade-da-pi-112\/","title":{"rendered":"Corpo de jovem desaparecido \u00e9 encontrado em riacho na proximidade da PI-112"},"content":{"rendered":"\n<p>O corpo de Jo\u00e3o da Cruz da Silva Vale, de 27 anos, foi encontrado na tarde desta segunda-feira (10) no Riacho S\u00e3o Vicente, no povoado S\u00e3o Vicente de Cima, Zona Rural Leste de Teresina. O jovem estava desaparecido desde s\u00e1bado (8).<\/p>\n\n\n\n<p>Segundo testemunhas, Jo\u00e3o teria pulado da ponte para dar um mergulho e acabou se afogando. Desde ent\u00e3o, o Corpo de Bombeiros trabalhava nas buscas.<\/p>\n\n\n\n<figure class=\"wp-block-image\"><img decoding=\"async\" src=\"https:\/\/s2.glbimg.com\/IOrqx1wnDgDGlQLRmFHnLhkEo54=\/0x0:1280x824\/984x0\/smart\/filters:strip_icc()\/i.s3.glbimg.com\/v1\/AUTH_59edd422c0c84a879bd37670ae4f538a\/internal_photos\/bs\/2023\/L\/G\/fzevBIQtOZ3YK1fBAxeg\/vitima.jpg\" alt=\"Jo\u00e3o da Cruz da Silva Vale morreu afogado em riacho na PI-112 \u2014 Foto: Reprodu\u00e7\u00e3o\"\/><figcaption class=\"wp-element-caption\">Jo\u00e3o da Cruz da Silva Vale morreu afogado em riacho na PI-112 \u2014 Foto: Reprodu\u00e7\u00e3o<\/figcaption><\/figure>\n\n\n\n<p>A tenente-coronel Najra Nunes, Rela\u00e7\u00f5es P\u00fablicas do Corpo de Bombeiros do Piau\u00ed, explicou que o local n\u00e3o costuma registrar esse tipo de ocorr\u00eancia. Mas que o cen\u00e1rio mudou devido \u00e0s fortes chuvas.<\/p>\n\n\n\n<p>Ela tamb\u00e9m alertou sobre o perigo de banhos nessa \u00e9poca do ano em rios, barragens, balne\u00e1rios e riachos. Este \u00e9 o oitavo afogamento registrado no estado na \u00faltima semana.<\/p>\n\n\n\n<p><strong>Fonte: G1 Pl <\/strong><\/p>\n","protected":false},"excerpt":{"rendered":"<p>O corpo de Jo\u00e3o da Cruz da Silva Vale, de 27 anos, foi encontrado na tarde desta segunda-feira (10) no Riacho S\u00e3o Vicente, no povoado S\u00e3o Vicente de Cima, Zona Rural Leste de Teresina. O jovem estava desaparecido desde s\u00e1bado (8). Segundo testemunhas, Jo\u00e3o teria pulado da ponte para dar um mergulho e acabou se [&hellip;]<\/p>\n","protected":false},"author":1,"featured_media":45689,"comment_status":"open","ping_status":"open","sticky":false,"template":"","format":"standard","meta":{"beyondwords_generate_audio":"","beyondwords_project_id":"","beyondwords_podcast_id":"","beyondwords_hash":"","beyondwords_error_message":"","beyondwords_disabled":"","publish_post_to_speechkit":"","speechkit_generate_audio":"","speechkit_project_id":"","speechkit_podcast_id":"","speechkit_hash":"","speechkit_error_message":"","speechkit_disabled":"","speechkit_access_key":"","speechkit_error":"","speechkit_info":"","speechkit_response":"","speechkit_retries":"","_speechkit_link":"","_speechkit_text":""},"categories":[51],"tags":[55,122,44,199,72,46,200,266,91,7392,11318,869],"jetpack_featured_media_url":"","_links":{"self":[{"href":"https:\/\/pinews.com.br\/index.php\/wp-json\/wp\/v2\/posts\/45688"}],"collection":[{"href":"https:\/\/pinews.com.br\/index.php\/wp-json\/wp\/v2\/posts"}],"about":[{"href":"https:\/\/pinews.com.br\/index.php\/wp-json\/wp\/v2\/types\/post"}],"author":[{"embeddable":true,"href":"https:\/\/pinews.com.br\/index.php\/wp-json\/wp\/v2\/users\/1"}],"replies":[{"embeddable":true,"href":"https:\/\/pinews.com.br\/index.php\/wp-json\/wp\/v2\/comments?post=45688"}],"version-history":[{"count":0,"href":"https:\/\/pinews.com.br\/index.php\/wp-json\/wp\/v2\/posts\/45688\/revisions"}],"wp:featuredmedia":[{"embeddable":true,"href":"https:\/\/pinews.com.br\/index.php\/wp-json\/"}],"wp:attachment":[{"href":"https:\/\/pinews.com.br\/index.php\/wp-json\/wp\/v2\/media?parent=45688"}],"wp:term":[{"taxonomy":"category","embeddable":true,"href":"https:\/\/pinews.com.br\/index.php\/wp-json\/wp\/v2\/categories?post=45688"},{"taxonomy":"post_tag","embeddable":true,"href":"https:\/\/pinews.com.br\/index.php\/wp-json\/wp\/v2\/tags?post=45688"}],"curies":[{"name":"wp","href":"https:\/\/api.w.org\/{rel}","templated":true}]}}