{"id":460,"date":"2019-07-13T19:07:57","date_gmt":"2019-07-13T22:07:57","guid":{"rendered":"https:\/\/pinews.com.br\/?p=460"},"modified":"2019-07-13T19:07:57","modified_gmt":"2019-07-13T22:07:57","slug":"homem-se-entrega-a-policia-e-confessa-que-matou-irmao-a-facada-no-sul-do-piaui","status":"publish","type":"post","link":"https:\/\/pinews.com.br\/index.php\/2019\/07\/13\/homem-se-entrega-a-policia-e-confessa-que-matou-irmao-a-facada-no-sul-do-piaui\/","title":{"rendered":"Homem se entrega \u00e0 pol\u00edcia e confessa que matou irm\u00e3o a facada no Sul do Piau\u00ed"},"content":{"rendered":"\n<p>Por <strong>Reda\u00e7\u00e3o PI News<\/strong> &#8211; 13 de Julho de 2019<\/p>\n\n\n\n<p style=\"text-align:justify\">Um homem identificado como Wildson Alves Ferreira Rufino foi morto a facada na manh\u00e3 deste s\u00e1bado (13) em Oeiras, Sul do Piau\u00ed. Segundo a pol\u00edcia, o suspeito do crime seria irm\u00e3o da v\u00edtima, que se entregou horas depois na delegacia.<\/p>\n\n\n\n<p style=\"text-align:justify\">&#8220;Eles moravam juntos, mas viviam brigando. Por volta das 12h deste s\u00e1bado, eles teriam discutido no meio da rua e o suspeito acabou perfurando com uma facada o pesco\u00e7o do irm\u00e3o&#8221;, contou o agente Ant\u00f4nio Crist\u00f3v\u00e3o.<\/p>\n\n\n\n<p style=\"text-align:justify\">De acordo com o policial, o suspeito identificado como Vicente Rufino foi sozinho at\u00e9 a delegacia confessar o crime. &#8220;Ele contou que apanhava muito do irm\u00e3o, sendo esta a motiva\u00e7\u00e3o do crime&#8221;, informou.<\/p>\n\n\n\n<p style=\"text-align:justify\">O corpo de Wildson Alves foi encaminhado para Picos, onde ser\u00e1 feita a per\u00edcia.<\/p>\n\n\n\n<p><strong>Fonte: G1 Piau\u00ed<\/strong><\/p>\n\n\n\n<figure class=\"wp-block-image\"><img decoding=\"async\" src=\"https:\/\/pinews.com.br\/wp-content\/uploads\/2019\/07\/banner-ramon-cds.jpg\" alt=\"\" class=\"wp-image-218\"\/><\/figure>\n","protected":false},"excerpt":{"rendered":"<p>Por Reda\u00e7\u00e3o PI News &#8211; 13 de Julho de 2019 Um homem identificado como Wildson Alves Ferreira Rufino foi morto a facada na manh\u00e3 deste s\u00e1bado (13) em Oeiras, Sul do Piau\u00ed. Segundo a pol\u00edcia, o suspeito do crime seria irm\u00e3o da v\u00edtima, que se entregou horas depois na delegacia. &#8220;Eles moravam juntos, mas viviam [&hellip;]<\/p>\n","protected":false},"author":1,"featured_media":461,"comment_status":"open","ping_status":"open","sticky":false,"template":"","format":"standard","meta":{"beyondwords_generate_audio":"","beyondwords_project_id":"","beyondwords_podcast_id":"","beyondwords_hash":"","beyondwords_error_message":"","beyondwords_disabled":"","publish_post_to_speechkit":"","speechkit_generate_audio":"","speechkit_project_id":"","speechkit_podcast_id":"","speechkit_hash":"","speechkit_error_message":"","speechkit_disabled":"","speechkit_access_key":"","speechkit_error":"","speechkit_info":"","speechkit_response":"","speechkit_retries":"","_speechkit_link":"","_speechkit_text":""},"categories":[1184,51,126],"tags":[1264,1265,197,1266,125],"jetpack_featured_media_url":"","_links":{"self":[{"href":"https:\/\/pinews.com.br\/index.php\/wp-json\/wp\/v2\/posts\/460"}],"collection":[{"href":"https:\/\/pinews.com.br\/index.php\/wp-json\/wp\/v2\/posts"}],"about":[{"href":"https:\/\/pinews.com.br\/index.php\/wp-json\/wp\/v2\/types\/post"}],"author":[{"embeddable":true,"href":"https:\/\/pinews.com.br\/index.php\/wp-json\/wp\/v2\/users\/1"}],"replies":[{"embeddable":true,"href":"https:\/\/pinews.com.br\/index.php\/wp-json\/wp\/v2\/comments?post=460"}],"version-history":[{"count":0,"href":"https:\/\/pinews.com.br\/index.php\/wp-json\/wp\/v2\/posts\/460\/revisions"}],"wp:featuredmedia":[{"embeddable":true,"href":"https:\/\/pinews.com.br\/index.php\/wp-json\/"}],"wp:attachment":[{"href":"https:\/\/pinews.com.br\/index.php\/wp-json\/wp\/v2\/media?parent=460"}],"wp:term":[{"taxonomy":"category","embeddable":true,"href":"https:\/\/pinews.com.br\/index.php\/wp-json\/wp\/v2\/categories?post=460"},{"taxonomy":"post_tag","embeddable":true,"href":"https:\/\/pinews.com.br\/index.php\/wp-json\/wp\/v2\/tags?post=460"}],"curies":[{"name":"wp","href":"https:\/\/api.w.org\/{rel}","templated":true}]}}