{"id":4600,"date":"2020-02-11T11:03:56","date_gmt":"2020-02-11T14:03:56","guid":{"rendered":"https:\/\/pinews.com.br\/?p=4600"},"modified":"2020-02-11T11:03:56","modified_gmt":"2020-02-11T14:03:56","slug":"picos-nove-pessoas-sao-presas-em-flagrante-durante-o-final-de-semana","status":"publish","type":"post","link":"https:\/\/pinews.com.br\/index.php\/2020\/02\/11\/picos-nove-pessoas-sao-presas-em-flagrante-durante-o-final-de-semana\/","title":{"rendered":"Picos: Nove pessoas s\u00e3o presas em flagrante durante o final de semana"},"content":{"rendered":"\n<p><em>Foto: Reprodu\u00e7\u00e3o<\/em> <\/p>\n\n\n\n<p style=\"text-align:justify\">O final de semana na Central de Flagrantes de Picos foi movimentado em decorr\u00eancia de cerca de nove pris\u00f5es realizadas pela Pol\u00edcia Militar e Pol\u00edcia Rodovi\u00e1ria Federal.<\/p>\n\n\n\n<p style=\"text-align:justify\">De acordo com a delegada plantonista, Laura Carneiro, os crimes cometidos pelos acusados foram os mais variados.<\/p>\n\n\n\n<p style=\"text-align:justify\">\u201cTivemos transporte irregular de alimentos, na ocasi\u00e3o foram&nbsp;apreendidos cerca de uma tonelada de queijo. Tamb\u00e9m tivemos descumprimento de medidas protetivas, les\u00f5es corporais, amea\u00e7as com o uso de arma de fogo, entre outras situa\u00e7\u00f5es\u201d, explicou a delegada.<\/p>\n\n\n\n<p style=\"text-align:justify\">Ainda de acordo com Laura, alguns presos foram postos em liberdade mediante alvar\u00e1 de soltura, expedido pelo juiz que estava de plant\u00e3o no final de semana, e outras continuam presas.<\/p>\n\n\n\n<p style=\"text-align:justify\">\u201cA viol\u00eancia dom\u00e9stica atingiu metade das pris\u00f5es deste final de semana. O que mais chama aten\u00e7\u00e3o \u00e9 a aud\u00e1cia desses agressores, tivemos um que bateu em uma mulher, em meio a uma festa.  Em outro caso, o agressor arrombou a porta da casa da v\u00edtima, ou seja, s\u00e3o situa\u00e7\u00f5es inaceit\u00e1veis. Como delegada da mulher irei agir de forma mais dura e eficiente, em busca da redu\u00e7\u00e3o dos casos de viol\u00eancia dom\u00e9stica em nossa cidade\u201d, disse a delegada.<\/p>\n\n\n\n<p><strong>Fonte: Picos 40 Graus <\/strong><\/p>\n","protected":false},"excerpt":{"rendered":"<p>Foto: Reprodu\u00e7\u00e3o O final de semana na Central de Flagrantes de Picos foi movimentado em decorr\u00eancia de cerca de nove pris\u00f5es realizadas pela Pol\u00edcia Militar e Pol\u00edcia Rodovi\u00e1ria Federal. De acordo com a delegada plantonista, Laura Carneiro, os crimes cometidos pelos acusados foram os mais variados. \u201cTivemos transporte irregular de alimentos, na ocasi\u00e3o foram&nbsp;apreendidos cerca [&hellip;]<\/p>\n","protected":false},"author":1,"featured_media":4601,"comment_status":"open","ping_status":"open","sticky":false,"template":"","format":"standard","meta":{"beyondwords_generate_audio":"","beyondwords_project_id":"","beyondwords_podcast_id":"","beyondwords_hash":"","beyondwords_error_message":"","beyondwords_disabled":"","publish_post_to_speechkit":"","speechkit_generate_audio":"","speechkit_project_id":"","speechkit_podcast_id":"","speechkit_hash":"","speechkit_error_message":"","speechkit_disabled":"","speechkit_access_key":"","speechkit_error":"","speechkit_info":"","speechkit_response":"","speechkit_retries":"","_speechkit_link":"","_speechkit_text":""},"categories":[124,51,126],"tags":[2011,2012,259,125,424],"jetpack_featured_media_url":"","_links":{"self":[{"href":"https:\/\/pinews.com.br\/index.php\/wp-json\/wp\/v2\/posts\/4600"}],"collection":[{"href":"https:\/\/pinews.com.br\/index.php\/wp-json\/wp\/v2\/posts"}],"about":[{"href":"https:\/\/pinews.com.br\/index.php\/wp-json\/wp\/v2\/types\/post"}],"author":[{"embeddable":true,"href":"https:\/\/pinews.com.br\/index.php\/wp-json\/wp\/v2\/users\/1"}],"replies":[{"embeddable":true,"href":"https:\/\/pinews.com.br\/index.php\/wp-json\/wp\/v2\/comments?post=4600"}],"version-history":[{"count":0,"href":"https:\/\/pinews.com.br\/index.php\/wp-json\/wp\/v2\/posts\/4600\/revisions"}],"wp:featuredmedia":[{"embeddable":true,"href":"https:\/\/pinews.com.br\/index.php\/wp-json\/"}],"wp:attachment":[{"href":"https:\/\/pinews.com.br\/index.php\/wp-json\/wp\/v2\/media?parent=4600"}],"wp:term":[{"taxonomy":"category","embeddable":true,"href":"https:\/\/pinews.com.br\/index.php\/wp-json\/wp\/v2\/categories?post=4600"},{"taxonomy":"post_tag","embeddable":true,"href":"https:\/\/pinews.com.br\/index.php\/wp-json\/wp\/v2\/tags?post=4600"}],"curies":[{"name":"wp","href":"https:\/\/api.w.org\/{rel}","templated":true}]}}