{"id":46581,"date":"2023-05-14T18:13:09","date_gmt":"2023-05-14T21:13:09","guid":{"rendered":"https:\/\/pinews.com.br\/?p=46581"},"modified":"2023-05-14T18:13:09","modified_gmt":"2023-05-14T21:13:09","slug":"policial-civil-mata-quatro-colegas-a-tiros-dentro-de-delegacia","status":"publish","type":"post","link":"https:\/\/pinews.com.br\/index.php\/2023\/05\/14\/policial-civil-mata-quatro-colegas-a-tiros-dentro-de-delegacia\/","title":{"rendered":"Policial civil mata quatro colegas a tiros dentro de delegacia"},"content":{"rendered":"\n<p>Quatro policiais foram mortos a tiros dentro da Delegacia Regional da Pol\u00edcia Civil de Camocim, munic\u00edpio localizado no noroeste do Cear\u00e1, a 350 quil\u00f4metros de Fortaleza. O crime aconteceu na madrugada deste domingo, 14. O autor dos disparos tamb\u00e9m \u00e9 agente da pol\u00edcia civil e foi preso.<\/p>\n\n\n\n<p>De acordo com a Secretaria da Seguran\u00e7a P\u00fablica e Defesa Social do Cear\u00e1 (SSPDS), as v\u00edtimas s\u00e3o os escriv\u00e3es Ant\u00f4nio Cl\u00e1udio dos Santos, Ant\u00f4nio Jos\u00e9 Rodrigues Miranda e Francisco dos Santos Pereira, al\u00e9m do inspetor Gabriel de Souza Ferreira. O policial que efetuou os disparos n\u00e3o teve o nome divulgado.<\/p>\n\n\n\n<p>A motiva\u00e7\u00e3o do crime ainda est\u00e1 sendo investigada, e o policial civil que atirou contra os colegas ainda n\u00e3o havia sido ouvido at\u00e9 a publica\u00e7\u00e3o deste texto. Na manh\u00e3 deste domingo, a delegacia regional permanecia isolada para o trabalho de per\u00edcia<\/p>\n\n\n\n<p>O governo do Estado lamentou o ocorrido. &#8220;Neste momento de dor, a SSPDS-CE e todas as suas vinculadas, em especial a Pol\u00edcia Civil do Cear\u00e1, se solidarizam com familiares e amigos das quatro v\u00edtimas e refor\u00e7am que todo o aparato das institui\u00e7\u00f5es encontra-se dispon\u00edvel&#8221;, informou a secretaria, em nota. &#8220;A SSPDS reconhece os relevantes servi\u00e7os prestados \u00e0 sociedade cearense pelos policiais civis que tanto contribu\u00edram para o combate \u00e0 criminalidade no Cear\u00e1.&#8221;<\/p>\n\n\n\n<p><strong>Fonte: Estad\u00e3o Conte\u00fado <\/strong><\/p>\n","protected":false},"excerpt":{"rendered":"<p>Quatro policiais foram mortos a tiros dentro da Delegacia Regional da Pol\u00edcia Civil de Camocim, munic\u00edpio localizado no noroeste do Cear\u00e1, a 350 quil\u00f4metros de Fortaleza. O crime aconteceu na madrugada deste domingo, 14. O autor dos disparos tamb\u00e9m \u00e9 agente da pol\u00edcia civil e foi preso. De acordo com a Secretaria da Seguran\u00e7a P\u00fablica [&hellip;]<\/p>\n","protected":false},"author":1,"featured_media":46582,"comment_status":"open","ping_status":"open","sticky":false,"template":"","format":"standard","meta":{"beyondwords_generate_audio":"","beyondwords_project_id":"","beyondwords_podcast_id":"","beyondwords_hash":"","beyondwords_error_message":"","beyondwords_disabled":"","publish_post_to_speechkit":"","speechkit_generate_audio":"","speechkit_project_id":"","speechkit_podcast_id":"","speechkit_hash":"","speechkit_error_message":"","speechkit_disabled":"","speechkit_access_key":"","speechkit_error":"","speechkit_info":"","speechkit_response":"","speechkit_retries":"","_speechkit_link":"","_speechkit_text":""},"categories":[134],"tags":[936,10219,44,1088,192,49,613,772,165],"jetpack_featured_media_url":"","_links":{"self":[{"href":"https:\/\/pinews.com.br\/index.php\/wp-json\/wp\/v2\/posts\/46581"}],"collection":[{"href":"https:\/\/pinews.com.br\/index.php\/wp-json\/wp\/v2\/posts"}],"about":[{"href":"https:\/\/pinews.com.br\/index.php\/wp-json\/wp\/v2\/types\/post"}],"author":[{"embeddable":true,"href":"https:\/\/pinews.com.br\/index.php\/wp-json\/wp\/v2\/users\/1"}],"replies":[{"embeddable":true,"href":"https:\/\/pinews.com.br\/index.php\/wp-json\/wp\/v2\/comments?post=46581"}],"version-history":[{"count":0,"href":"https:\/\/pinews.com.br\/index.php\/wp-json\/wp\/v2\/posts\/46581\/revisions"}],"wp:featuredmedia":[{"embeddable":true,"href":"https:\/\/pinews.com.br\/index.php\/wp-json\/"}],"wp:attachment":[{"href":"https:\/\/pinews.com.br\/index.php\/wp-json\/wp\/v2\/media?parent=46581"}],"wp:term":[{"taxonomy":"category","embeddable":true,"href":"https:\/\/pinews.com.br\/index.php\/wp-json\/wp\/v2\/categories?post=46581"},{"taxonomy":"post_tag","embeddable":true,"href":"https:\/\/pinews.com.br\/index.php\/wp-json\/wp\/v2\/tags?post=46581"}],"curies":[{"name":"wp","href":"https:\/\/api.w.org\/{rel}","templated":true}]}}