{"id":46623,"date":"2023-05-16T11:23:00","date_gmt":"2023-05-16T14:23:00","guid":{"rendered":"https:\/\/pinews.com.br\/?p=46623"},"modified":"2023-06-08T13:14:08","modified_gmt":"2023-06-08T16:14:08","slug":"agricultor-mais-velho-de-sao-juliao-pi-completa-103-anos","status":"publish","type":"post","link":"https:\/\/pinews.com.br\/index.php\/2023\/05\/16\/agricultor-mais-velho-de-sao-juliao-pi-completa-103-anos\/","title":{"rendered":"Agricultor mais velho de S\u00e3o Juli\u00e3o \u2013 PI completa 103 anos"},"content":{"rendered":"\n<p>A fam\u00edlia do agricultor s\u00e3ojuli\u00e3oense&nbsp;Jos\u00e9 Juvino Filho&nbsp;est\u00e1 em festa, isso porque o idoso completa nesta ter\u00e7a-feira, 16 de maio,&nbsp;seus 103 anos de idade.<\/p>\n\n\n\n<p>Mais conhecido como Zezinho de Janu\u00e1rio, o simp\u00e1tico velhinho ainda hoje reside onde nasceu, aos cuidados da fam\u00edlia, na localidade Porcos, zona rural de S\u00e3o Juli\u00e3o \u2013 PI.<\/p>\n\n\n\n<figure class=\"wp-block-image size-full\"><img decoding=\"async\" src=\"https:\/\/pinews.com.br\/wp-content\/uploads\/2023\/05\/a4b05285-b8fe-4957-85bc-10ac21bedbb7.jpg\" alt=\"\" class=\"wp-image-46626\"\/><\/figure>\n\n\n\n<p><em>Zezinho Janu\u00e1rio agradecendo pelas chuvas e o bom inverno<\/em><\/p>\n\n\n\n<p>De acordo com seu filho, o sindicalista Marcos Neto de Carvalho, seu pai ainda esbanja energia e goza de completa lucidez.<\/p>\n\n\n\n<blockquote class=\"wp-block-quote\">\n<p>\u201cNosso pai \u00e9 uma ben\u00e7\u00e3o em nossas vidas. N\u00f3s da fam\u00edlia temos muito orgulho dele\u201d, disse.<\/p>\n<\/blockquote>\n\n\n\n<figure class=\"wp-block-image size-full\"><img decoding=\"async\" src=\"https:\/\/pinews.com.br\/wp-content\/uploads\/2023\/05\/2da16e87-b137-43c8-b1bf-a8e25f2bb091.jpg\" alt=\"\" class=\"wp-image-46628\"\/><\/figure>\n\n\n\n<p><em>Moldura de Zezinho Janu\u00e1rio com sua esposa Francisca Ot\u00e1via de Carvalho<\/em><\/p>\n\n\n\n<p>Com seu trabalho, honestidade e persist\u00eancia, esse guerreiro encravado no semi\u00e1rido piauiense vive expressando o carinho e o afeto para sua numerosa fam\u00edlia.<\/p>\n\n\n\n<p>Jos\u00e9 Juvino Filho t\u00eam 14 filhos, 34 netos, 34 bisnetos e 04 tataranetas, al\u00e9m de noras e genros.<\/p>\n\n\n\n<figure class=\"wp-block-image size-full\"><img decoding=\"async\" loading=\"lazy\" width=\"800\" height=\"561\" src=\"https:\/\/pinews.com.br\/wp-content\/uploads\/2023\/05\/224773a1-c126-4b9e-aa09-40882861e879.jpg\" alt=\"\" class=\"wp-image-46629\" srcset=\"https:\/\/pinews.com.br\/wp-content\/uploads\/2023\/05\/224773a1-c126-4b9e-aa09-40882861e879.jpg 800w, https:\/\/pinews.com.br\/wp-content\/uploads\/2023\/05\/224773a1-c126-4b9e-aa09-40882861e879-300x210.jpg 300w, https:\/\/pinews.com.br\/wp-content\/uploads\/2023\/05\/224773a1-c126-4b9e-aa09-40882861e879-768x539.jpg 768w\" sizes=\"(max-width: 800px) 100vw, 800px\" \/><\/figure>\n\n\n\n<p><em>Moldura de Zezinho Janu\u00e1rio com sua esposa Nega e seus 14 filhos filhos<\/em><\/p>\n\n\n\n<p><strong>BIOGRAFIA DE ZEZINHO JANU\u00c1RIO<\/strong><\/p>\n\n\n\n<p><em>Jos\u00e9 Juvino Filho nasceu em 16 de maio de 1920 na localidade Porcos. Zezinho Janu\u00e1rio, como \u00e9 conhecido, \u00e9 o terceiro filho do casal Juvino Solid\u00e3o Pereira e Isabel Ana de Carvalho, tendo como irm\u00e3os: Zefa, Ana, Raimundo, An\u00edzio, Francisco, Lu\u00eds, Janu\u00e1rio e Maria.<\/em><\/p>\n\n\n\n<p><em>Zezinho Janu\u00e1rio aprendeu desde cedo a cultuar sua f\u00e9 cat\u00f3lica e a compreender a import\u00e2ncia do trabalho, contribuindo nas cria\u00e7\u00f5es de gado e nas planta\u00e7\u00f5es de seus pais.<\/em><\/p>\n\n\n\n<p><em>Em 1941, Zezinho, no curso dos seus 22 anos, casa-se com Francisca Ot\u00e1via de Carvalho. Dessa uni\u00e3o nasceram: Zefa, Neco, Bela, Chico, Ot\u00e1vio, Valdimiro, Tonho, Preta, Ana (in memoriam), Ad\u00e3o, Eva, Z\u00e9 Buj\u00e3o, Maria, Janu\u00e1rio e Neto.<\/em><\/p>\n\n\n\n<p><em>Por se tornar chefe da fam\u00edlia, Zezinho passa a intensificar seus esfor\u00e7os e ampliar suas terras para trabalhar mais e atender as necessidades da sua fam\u00edlia. Zezinho e Nega, como era conhecida, permaneceram juntos por 76 anos at\u00e9 o falecimento de \u201cNega\u201d, como seu Zezinho carinhosamente a chamava.<\/em><\/p>\n\n\n\n<p><em>Zezinho atuou na agricultura, principalmente com a planta\u00e7\u00e3o de feij\u00e3o, milho, algod\u00e3o e mandioca. Tinha sua chamada \u201cserra\u201d, onde todos os seus filhos trabalhavam. Tamb\u00e9m se dedicou \u00e0 cria\u00e7\u00e3o de bovinos e caprinos para o consumo da fam\u00edlia. No per\u00edodo de 2000 a 2003, Zezinho Janu\u00e1rio teve complica\u00e7\u00f5es na sa\u00fade, sendo desenganado pelos m\u00e9dicos, mas com f\u00e9 em Deus venceu.<\/em><\/p>\n\n\n\n<p><em>A perda mais marcante foi de sua querida esposa e companheira, que por 76 anos viveram juntos. Zezinho Janu\u00e1rio hoje completa 100 anos, com uma hist\u00f3ria de lutas, de momentos dif\u00edceis, mas, acima de tudo, repleto de vit\u00f3rias, alicer\u00e7adas na dignidade, na honra e com muita f\u00e9.<\/em><\/p>\n\n\n\n<p><em>Um homem realizado pela vida e pela fam\u00edlia numerosa que edificou. Vive expressando o carinho e o afeto pelos 14 filhos, 34 netos, 34 bisnetos e 4 tataranetas, al\u00e9m de noras e genros.<\/em><\/p>\n\n\n\n<p><strong><em>Parab\u00e9ns, Zezinho, pelos seus 103 anos! Que Deus lhe conceda muita sa\u00fade e nos agracie com muitos anos a mais ao seu lado!<\/em><\/strong><\/p>\n\n\n\n<p><strong>Fonte: Portal \u00c9 Not\u00edcias <\/strong><\/p>\n","protected":false},"excerpt":{"rendered":"<p>A fam\u00edlia do agricultor s\u00e3ojuli\u00e3oense&nbsp;Jos\u00e9 Juvino Filho&nbsp;est\u00e1 em festa, isso porque o idoso completa nesta ter\u00e7a-feira, 16 de maio,&nbsp;seus 103 anos de idade. Mais conhecido como Zezinho de Janu\u00e1rio, o simp\u00e1tico velhinho ainda hoje reside onde nasceu, aos cuidados da fam\u00edlia, na localidade Porcos, zona rural de S\u00e3o Juli\u00e3o \u2013 PI. Zezinho Janu\u00e1rio agradecendo pelas [&hellip;]<\/p>\n","protected":false},"author":1,"featured_media":49100,"comment_status":"open","ping_status":"open","sticky":false,"template":"","format":"standard","meta":{"beyondwords_generate_audio":"","beyondwords_project_id":"","beyondwords_podcast_id":"","beyondwords_hash":"","beyondwords_error_message":"","beyondwords_disabled":"","publish_post_to_speechkit":"","speechkit_generate_audio":"","speechkit_project_id":"","speechkit_podcast_id":"","speechkit_hash":"","speechkit_error_message":"","speechkit_disabled":"","speechkit_access_key":"","speechkit_error":"","speechkit_info":"","speechkit_response":"","speechkit_retries":"","_speechkit_link":"","_speechkit_text":""},"categories":[124,51,500],"tags":[7004,209,82,7270,44,499,76,667,362,11265],"jetpack_featured_media_url":"https:\/\/pinews.com.br\/wp-content\/uploads\/2023\/05\/a4b05285-b8fe-4957-85bc-10ac21bedbb7-1.jpg","_links":{"self":[{"href":"https:\/\/pinews.com.br\/index.php\/wp-json\/wp\/v2\/posts\/46623"}],"collection":[{"href":"https:\/\/pinews.com.br\/index.php\/wp-json\/wp\/v2\/posts"}],"about":[{"href":"https:\/\/pinews.com.br\/index.php\/wp-json\/wp\/v2\/types\/post"}],"author":[{"embeddable":true,"href":"https:\/\/pinews.com.br\/index.php\/wp-json\/wp\/v2\/users\/1"}],"replies":[{"embeddable":true,"href":"https:\/\/pinews.com.br\/index.php\/wp-json\/wp\/v2\/comments?post=46623"}],"version-history":[{"count":1,"href":"https:\/\/pinews.com.br\/index.php\/wp-json\/wp\/v2\/posts\/46623\/revisions"}],"predecessor-version":[{"id":49101,"href":"https:\/\/pinews.com.br\/index.php\/wp-json\/wp\/v2\/posts\/46623\/revisions\/49101"}],"wp:featuredmedia":[{"embeddable":true,"href":"https:\/\/pinews.com.br\/index.php\/wp-json\/wp\/v2\/media\/49100"}],"wp:attachment":[{"href":"https:\/\/pinews.com.br\/index.php\/wp-json\/wp\/v2\/media?parent=46623"}],"wp:term":[{"taxonomy":"category","embeddable":true,"href":"https:\/\/pinews.com.br\/index.php\/wp-json\/wp\/v2\/categories?post=46623"},{"taxonomy":"post_tag","embeddable":true,"href":"https:\/\/pinews.com.br\/index.php\/wp-json\/wp\/v2\/tags?post=46623"}],"curies":[{"name":"wp","href":"https:\/\/api.w.org\/{rel}","templated":true}]}}