{"id":46681,"date":"2023-05-17T21:13:38","date_gmt":"2023-05-18T00:13:38","guid":{"rendered":"https:\/\/pinews.com.br\/?p=46681"},"modified":"2023-05-17T21:13:38","modified_gmt":"2023-05-18T00:13:38","slug":"mae-ameaca-a-propria-filha-de-morte-ao-marcar-encontro-com-outra-mulher-entidades-cobram-acoes-para-coibir-crime-de-lgbtfobia","status":"publish","type":"post","link":"https:\/\/pinews.com.br\/index.php\/2023\/05\/17\/mae-ameaca-a-propria-filha-de-morte-ao-marcar-encontro-com-outra-mulher-entidades-cobram-acoes-para-coibir-crime-de-lgbtfobia\/","title":{"rendered":"M\u00e3e amea\u00e7a a pr\u00f3pria filha de morte ao marcar encontro com outra mulher; entidades cobram a\u00e7\u00f5es para coibir crime de lgbtfobia"},"content":{"rendered":"\n<p>Uma jovem, que preferiu n\u00e3o se identificar, denunciou e divulgou um caso de homofobia que sofreu por parte da pr\u00f3pria m\u00e3e. Por meio de mensagens por aplicativo, ela amea\u00e7ou a filha de morte por marcar um encontro com uma mulher.<\/p>\n\n\n\n<p>O caso veio a tona no come\u00e7o deste m\u00eas. A forma como ela se expressa caracteriza o crime de lgbtfobia: &#8220;Tu sabe que eu te &#8216;desterro&#8217; daqui&#8221;, disse a m\u00e3e em um \u00e1udio.<\/p>\n\n\n\n<p>As entidades de luta pelos direitos da comunidade LGBTQIAPN+ cobram dados completos sobre essa popula\u00e7\u00e3o no estado do Piau\u00ed e a\u00e7\u00f5es efetivas que possam ajudar a coibir crimes, na tentativa de diminuir esses casos graves que chegam a viol\u00eancia extrema e tamb\u00e9m aqueles rotineiros na vida dessas pessoas.<\/p>\n\n\n\n<p>&#8220;A data de hoje n\u00f3s enxergamos como um dia de luta e \u00e9 por isso que estamos ocupando espa\u00e7os importantes como estes para reivindicar pol\u00edticas efetivas, pra dialogar com a sociedade que \u00e9 importante que as pessoas revejam seus preconceitos. Nenhuma religi\u00e3o ensina a gente a odiar outra pessoa por conta da sua orienta\u00e7\u00e3o sexual&#8221;, afirmou Marinalva Santana, coordenadora do grupo Matizes.<\/p>\n\n\n\n<p>O advogado Miguel Cardoso, integrante da Comiss\u00e3o de Diversidade Sexual da Ordem dos Advogados do Brasil seccional Piau\u00ed (OAB-PI), lembrou que o crime de lgbtfobia foi equiparado ao crime de racismo pelo Supremo Tribunal Federal em 2019. Falas ou express\u00f5es discriminat\u00f3rias que algumas pessoas de forma equivocada alegam ser liberdade de express\u00e3o n\u00e3o s\u00e3o tolerav\u00e9is.<\/p>\n\n\n\n<p>&#8220;Quando voc\u00ea desrespeita aquela orienta\u00e7\u00e3o sexual de uma pessoa ou a sua identidade de g\u00eanero j\u00e1 est\u00e1 cometendo o crime de lgbtfobia e s\u00e3o as mesmas san\u00e7\u00f5es do crime de racismo. \u00c9 um crime prescrit\u00edvel e causa tamb\u00e9m a repress\u00e3o penal&#8221;, explicou o advogado.<\/p>\n\n\n\n<h2 class=\"wp-block-heading\">Falta de dados<\/h2>\n\n\n\n<p>No Piau\u00ed, a Secretaria de Seguran\u00e7a P\u00fablica (SSP) n\u00e3o disp\u00f5e de dados espec\u00edficos sobre os casos de viol\u00eancia contra o p\u00fablico LGBTQIAPN+, isso pode causar a falsa impress\u00e3o de que a viol\u00eancia n\u00e3o estaria aumentando. Outra reivindica\u00e7\u00e3o do movimento \u00e9 para que casos dessa natureza tenham um acompanhamento diferenciado, inclusive, pela Delegacia de Direitos Humanos.<\/p>\n\n\n\n<p>A coordenadora do Matizes explicou que sem os n\u00fameros oficiais n\u00e3o \u00e9 poss\u00edvel ter uma dimens\u00e3o da realidade no estado. Ela enfatizou a necessidade de capacita\u00e7\u00f5es constantes para que os agentes da seguran\u00e7a p\u00fablica identifiquem a motiva\u00e7\u00e3o dos crimes.<\/p>\n\n\n\n<p>&#8220;N\u00f3s temos um protocolo cidad\u00e3o de coleta de dados que a SSP lan\u00e7ou em junho de 2022, tem um cronograma que eles apresentaram para o MPPI no sentido de desenvolver a\u00e7\u00f5es e uma dessas a\u00e7\u00f5es \u00e9 que fosse feito a forma\u00e7\u00e3o dos agentes que est\u00e3o a servi\u00e7o da seguran\u00e7a para que eles entendam e estejam preparados para atender um LGBT que \u00e9 v\u00edtima de viola\u00e7\u00e3o de direitos. Infelizmente a secretaria n\u00e3o cumpriu esse cronograma. Era para come\u00e7ar as forma\u00e7\u00f5es em agosto de 2022 e at\u00e9 agora n\u00e3o aconteceu&#8221;, lamentou.<\/p>\n\n\n\n<h2 class=\"wp-block-heading\">Projetos em andamento<\/h2>\n\n\n\n<p>A gerente de Prote\u00e7\u00e3o aos Grupos Vulner\u00e1veis da SPP, Paula de Moura, explicou que a Secretaria est\u00e1 com dois projetos em andamento que v\u00e3o beneficiar a comunidade LGBT.<\/p>\n\n\n\n<p>&#8220;A Secretaria de Seguran\u00e7a P\u00fablica faz um levantamento de casos de homofobia no Piau\u00ed. Ano passado foi feito o lan\u00e7amento do protocolo de registro de boletim de ocorr\u00eancia da pessoa LGBTQIAPN+ e j\u00e1 no pr\u00f3ximo m\u00eas a gente vai fazer o lan\u00e7amento desses dados&#8221;, afirmou.<\/p>\n\n\n\n<p>Conforme o planejamento da SSP os dois projetos s\u00e3o o <strong>Disk Cidadania LGBTQIA+ <\/strong>que \u00e9 um canal de den\u00fancias 24 horas para essa comunidade, com acolhimento de assistentes sociais e psic\u00f3logos, em parceria com Secretaria Estadual da Assist\u00eancia Social e com lan\u00e7amento ainda este m\u00eas.<\/p>\n\n\n\n<p>E o segundo projeto j\u00e1 em andamento s\u00e3o as qualifica\u00e7\u00f5es da Pol\u00edcia Militar e a Pol\u00edcia Civil. Al\u00e9m da qualifica\u00e7\u00e3o dos profissionais que est\u00e3o atuando hoje em dia, a secretaria afirmou que \u00e9 atuante tamb\u00e9m nos cursos de forma\u00e7\u00e3o dos policiais.<\/p>\n\n\n\n<p><strong>Fonte: G1 PI <\/strong><\/p>\n","protected":false},"excerpt":{"rendered":"<p>Uma jovem, que preferiu n\u00e3o se identificar, denunciou e divulgou um caso de homofobia que sofreu por parte da pr\u00f3pria m\u00e3e. Por meio de mensagens por aplicativo, ela amea\u00e7ou a filha de morte por marcar um encontro com uma mulher. O caso veio a tona no come\u00e7o deste m\u00eas. A forma como ela se expressa [&hellip;]<\/p>\n","protected":false},"author":1,"featured_media":46682,"comment_status":"open","ping_status":"open","sticky":false,"template":"","format":"standard","meta":{"beyondwords_generate_audio":"","beyondwords_project_id":"","beyondwords_podcast_id":"","beyondwords_hash":"","beyondwords_error_message":"","beyondwords_disabled":"","publish_post_to_speechkit":"","speechkit_generate_audio":"","speechkit_project_id":"","speechkit_podcast_id":"","speechkit_hash":"","speechkit_error_message":"","speechkit_disabled":"","speechkit_access_key":"","speechkit_error":"","speechkit_info":"","speechkit_response":"","speechkit_retries":"","_speechkit_link":"","_speechkit_text":""},"categories":[134],"tags":[8942,5932,132,8855,11452,558,44,6508,5450,358,11453,117,10670,223,135,555,350,92],"jetpack_featured_media_url":"","_links":{"self":[{"href":"https:\/\/pinews.com.br\/index.php\/wp-json\/wp\/v2\/posts\/46681"}],"collection":[{"href":"https:\/\/pinews.com.br\/index.php\/wp-json\/wp\/v2\/posts"}],"about":[{"href":"https:\/\/pinews.com.br\/index.php\/wp-json\/wp\/v2\/types\/post"}],"author":[{"embeddable":true,"href":"https:\/\/pinews.com.br\/index.php\/wp-json\/wp\/v2\/users\/1"}],"replies":[{"embeddable":true,"href":"https:\/\/pinews.com.br\/index.php\/wp-json\/wp\/v2\/comments?post=46681"}],"version-history":[{"count":0,"href":"https:\/\/pinews.com.br\/index.php\/wp-json\/wp\/v2\/posts\/46681\/revisions"}],"wp:featuredmedia":[{"embeddable":true,"href":"https:\/\/pinews.com.br\/index.php\/wp-json\/"}],"wp:attachment":[{"href":"https:\/\/pinews.com.br\/index.php\/wp-json\/wp\/v2\/media?parent=46681"}],"wp:term":[{"taxonomy":"category","embeddable":true,"href":"https:\/\/pinews.com.br\/index.php\/wp-json\/wp\/v2\/categories?post=46681"},{"taxonomy":"post_tag","embeddable":true,"href":"https:\/\/pinews.com.br\/index.php\/wp-json\/wp\/v2\/tags?post=46681"}],"curies":[{"name":"wp","href":"https:\/\/api.w.org\/{rel}","templated":true}]}}