{"id":4692,"date":"2020-02-15T13:31:22","date_gmt":"2020-02-15T16:31:22","guid":{"rendered":"https:\/\/pinews.com.br\/?p=4692"},"modified":"2020-02-15T13:31:22","modified_gmt":"2020-02-15T16:31:22","slug":"piaui-teve-110-casos-de-pessoas-desaparecidas-em-2019","status":"publish","type":"post","link":"https:\/\/pinews.com.br\/index.php\/2020\/02\/15\/piaui-teve-110-casos-de-pessoas-desaparecidas-em-2019\/","title":{"rendered":"Piau\u00ed teve 110 casos de pessoas desaparecidas em 2019"},"content":{"rendered":"\n<p><em>Foto: Reprodu\u00e7\u00e3o<\/em> <\/p>\n\n\n\n<p style=\"text-align:justify\">O sofrimento de uma m\u00e3e \u00e9 doloroso de se ver. Principalmente quando se trata do desaparecimento de um filho, como no caso de Yoanara Moreira da Silva, que est\u00e1 h\u00e1 oito meses em busca do jovem Melquizedequi Moreira da Silva, de 14 anos. O adolescente saiu para comprar um lanche e nunca mais foi encontrado na regi\u00e3o da Grande Santa Maria da Codipi, zona Norte de Teresina.<\/p>\n\n\n\n<p style=\"text-align:justify\">Assim como Melquizedequi, 110 pessoas foram registradas como desaparecidas pela Delegacia de Investiga\u00e7\u00e3o de Desaparecimento de Pessoas do Piau\u00ed, que funciona dentro da Delegacia de Homic\u00eddios e Prote\u00e7\u00e3o \u00e0 Pessoa (DHPP). No entanto, ao contr\u00e1rio da maioria dos casos que chegam aos policiais, este ainda n\u00e3o foi solucionado.<\/p>\n\n\n\n<figure class=\"wp-block-image\"><img decoding=\"async\" src=\"https:\/\/static.meionorte.com\/uploads\/imagens\/2020\/2\/13\/c39e72ad-e70d-4539-83c8-03178bb26245-69c33e2c-2055-4677-8ef9-34da6a48190b.jpg\" alt=\"\"\/><figcaption>Yonara, m\u00e3e de Melquizedequi sofre com desaparecimento do filho | Cr\u00e9dito: Ra\u00edssa Morais<\/figcaption><\/figure>\n\n\n\n<p style=\"text-align:justify\">A m\u00e3e reclama pelo menos o corpo do filho. \u201cSeria um prazer encontrar pelo menos o cad\u00e1ver do meu filho. Voc\u00ea n\u00e3o sabe como \u00e9 desesperador. Dizem que ele foi morto, mas cad\u00ea o corpo? Quero justi\u00e7a e espero resposta da investiga\u00e7\u00e3o. Meu filho sumiu quando foi comprar um lanche, e pelo que dizem, uma autoridade o executou por conta de uma discuss\u00e3o na minha casa\u201d, revela Yonara.<\/p>\n\n\n\n<p style=\"text-align:justify\">A discuss\u00e3o teria culminado no assassinato, mas at\u00e9 agora nada foi elucidado. \u201c\u00c9 um desespero muito grande. Queria muito ter meu filho de volta. Era meu companheiro, uma pessoa pac\u00edfica. N\u00e3o entendo o porqu\u00ea disso. Ele foi na padaria e a atendente percebeu que ele estava muito nervoso, perguntou o que era e ele disse que estava sendo perseguido. Depois deixou a bicicleta na casa de um vizinho e nunca mais o vimos, \u00e9 triste demais\u201d, acrescenta a m\u00e3e desesperada.<\/p>\n\n\n\n<p style=\"text-align:justify\">\u201cMelqui\u201d, como era conhecido por amigos e familiares, foi visto pela \u00faltima vez \u00e0s 10h30 da quinta-feira do dia 30 de maio, em uma padaria do bairro Jacinta Andrade. O adolescente reside com a m\u00e3e, dois irm\u00e3os e um sobrinho, tamb\u00e9m no bairro da regi\u00e3o. \u201cTudo que eu queria era meu filho de volta!\u201d, dispara a m\u00e3e, &nbsp; &nbsp; emocionada. \u201c\u00c9 um sofrimento que n\u00e3o tem tamanho, n\u00e3o d\u00e1 pra explicar. Voc\u00eas [aponta para a equipe] e nem ningu\u00e9m v\u00e3o entender. S\u00f3 quem \u00e9 m\u00e3e e tem filho desaparecido sabe. Quero justi\u00e7a\u201d, cobra Yonara.<ins><\/ins><\/p>\n\n\n\n<p style=\"text-align:justify\"><strong>99% das pessoas desaparecidas s\u00e3o encontradas no Piau\u00ed<\/strong><\/p>\n\n\n\n<p style=\"text-align:justify\">O delegado Francisco Costa, o \u201cBar\u00eatta\u201d, conta que o Piau\u00ed tem bons resultados nas investiga\u00e7\u00f5es de pessoas desaparecidas. Ele afirma, ainda, que a maioria dos sumi\u00e7os s\u00e3o volunt\u00e1rios. No entanto, as investiga\u00e7\u00f5es s\u00e3o padronizadas para cada tipo de caso, e as for\u00e7as policiais acabam investigando todos os casos que chegam \u00e0 delegacia.<\/p>\n\n\n\n<p style=\"text-align:justify\">\u201cDos 110 casos que analisamos, 99% dos casos foram resolvidos. Tivemos o encontro e localiza\u00e7\u00e3o das pessoas. O que temos hoje \u00e9 uma delegacia especializada para que possamos investigar, seguindo o protocolo. O protocolo de crian\u00e7a e adolescente, por exemplo, \u00e9 diferente de adultos e idosos. Mas todos t\u00eam um procedimento de investiga\u00e7\u00e3o padr\u00e3o para localiza\u00e7\u00e3o\u201d, explica \u201cBar\u00eatta\u201d.<\/p>\n\n\n\n<figure class=\"wp-block-image\"><img decoding=\"async\" src=\"https:\/\/static.meionorte.com\/uploads\/imagens\/2020\/2\/13\/742e455d-3d58-43a1-8426-80d49a15de13-0ca3566d-9c62-4d76-abd7-bcc57fdd3d93.jpg\" alt=\"\"\/><figcaption>Cr\u00e9dito: Ra\u00edssa Morais<\/figcaption><\/figure>\n\n\n\n<p style=\"text-align:justify\">O boletim de ocorr\u00eancia deve ser feito de imediato na delegacia especializada. \u201cA maioria das ocorr\u00eancias s\u00e3o de desaparecimento volunt\u00e1rio. Tivemos dois ou tr\u00eas casos que culminaram em atos criminosos, mas que logo foram investigados. Quando desaparece uma pessoa ou ente querido, \u00e9 preciso fazer o&nbsp;registro&nbsp;imediatamente aqui na delegacia. N\u00e3o tem essa de esperar 24h para fazer o&nbsp;registro. Temos policiais especializados e um formul\u00e1rio que precisa ser preenchido\u201d, acrescenta o delegado.<\/p>\n\n\n\n<p style=\"text-align:justify\">Caracteriza-se como desaparecimento quando a pessoa n\u00e3o est\u00e1 no lugar que ela costuma habituar. Ou seja, n\u00e3o volta para casa ou n\u00e3o procura algu\u00e9m pr\u00f3ximo. \u201cNeste caso devemos analisar se o desaparecimento foi volunt\u00e1rio, involunt\u00e1rio ou for\u00e7ado. Cada um tem um protocolo diferente de investiga\u00e7\u00e3o. Mas todos eles s\u00e3o abertos Procedimento de Investiga\u00e7\u00e3o de Desaparecimento de Pessoas, o chamado PID, que \u00e9 feito imediatamente\u201d, aponta Francisco Costa. (L.A.)<\/p>\n\n\n\n<p><strong>Homens casados s\u00e3o os que d\u00e3o mais trabalho para a pol\u00edcia<\/strong><\/p>\n\n\n\n<p style=\"text-align:justify\">Os sumi\u00e7os volunt\u00e1rios geralmente s\u00e3o de homens que querem \u201cfugir\u201d das esposas, aponta o delegado. \u201cGeralmente s\u00e3o homens que quando as mulheres est\u00e3o trabalhando resolvem dar uma volta, somem, desligam celular e criam um problema para o aparelho policial. Muitos deles s\u00e3o encontrados e n\u00e3o querem ser localizados. No entanto, se for maior de idade, n\u00e3o podemos obrig\u00e1-los a aparecer. S\u00f3 se for uma crian\u00e7a ou adolescente\u201d, revela Bar\u00eatta.<\/p>\n\n\n\n<p style=\"text-align:justify\">No entanto, h\u00e1 casos graves que s\u00e3o investigados. \u201cTemos um caso recente de um motorista de reboque, que est\u00e1 desaparecido h\u00e1 dias. Encontraram o carro dele queimado pr\u00f3ximo ao Angelim, mas estamos com a investiga\u00e7\u00e3o bastante avan\u00e7ada e estamos executando todas as opera\u00e7\u00f5es dela. Mas com certeza vamos encontrar e dar uma solu\u00e7\u00e3o para o caso\u201d, aponta o policial.<\/p>\n\n\n\n<p style=\"text-align:justify\">A delegacia especializada tem otimizado as investiga\u00e7\u00f5es. \u201cTivemos mais de 100 ocorr\u00eancias em 2019, com&nbsp;registro&nbsp;no DHPP. Ano passado inauguramos a Delegacia de Investiga\u00e7\u00e3o de Desaparecimento de Pessoas, a primeira estrutura neste sentido criada no Estado. Antes ficava na Polinter ou nos Distritos, mas foi unificado. Seguimos uma tend\u00eancia nacional de inclu\u00ed-la no DHPP\u201d, lembra Francisco Costa.<\/p>\n\n\n\n<p style=\"text-align:justify\">Um banco de dados regional deve auxiliar o trabalho da Pol\u00edcia Civil. \u201cO secret\u00e1rio F\u00e1bio Abreu est\u00e1 com um projeto para procedimentos de desaparecimento de pessoas. Vamos criar um banco de dados em n\u00edvel estadual, com acesso ao banco nacional do Minist\u00e9rio da Justi\u00e7a, para encontro de pessoas desaparecidas. J\u00e1 temos esse interc\u00e2mbio, mas uma lei de 2009 pede a cria\u00e7\u00e3o do banco em n\u00edvel de Estado\u201d, finaliza \u201cBar\u00eatta\u201d. (L.A.)<\/p>\n\n\n\n<p><strong>Fonte: Meio Norte<\/strong><\/p>\n","protected":false},"excerpt":{"rendered":"<p>Foto: Reprodu\u00e7\u00e3o O sofrimento de uma m\u00e3e \u00e9 doloroso de se ver. Principalmente quando se trata do desaparecimento de um filho, como no caso de Yoanara Moreira da Silva, que est\u00e1 h\u00e1 oito meses em busca do jovem Melquizedequi Moreira da Silva, de 14 anos. O adolescente saiu para comprar um lanche e nunca mais [&hellip;]<\/p>\n","protected":false},"author":1,"featured_media":4693,"comment_status":"open","ping_status":"open","sticky":false,"template":"","format":"standard","meta":{"beyondwords_generate_audio":"","beyondwords_project_id":"","beyondwords_podcast_id":"","beyondwords_hash":"","beyondwords_error_message":"","beyondwords_disabled":"","publish_post_to_speechkit":"","speechkit_generate_audio":"","speechkit_project_id":"","speechkit_podcast_id":"","speechkit_hash":"","speechkit_error_message":"","speechkit_disabled":"","speechkit_access_key":"","speechkit_error":"","speechkit_info":"","speechkit_response":"","speechkit_retries":"","_speechkit_link":"","_speechkit_text":""},"categories":[51],"tags":[2048,1228,259,52],"jetpack_featured_media_url":"","_links":{"self":[{"href":"https:\/\/pinews.com.br\/index.php\/wp-json\/wp\/v2\/posts\/4692"}],"collection":[{"href":"https:\/\/pinews.com.br\/index.php\/wp-json\/wp\/v2\/posts"}],"about":[{"href":"https:\/\/pinews.com.br\/index.php\/wp-json\/wp\/v2\/types\/post"}],"author":[{"embeddable":true,"href":"https:\/\/pinews.com.br\/index.php\/wp-json\/wp\/v2\/users\/1"}],"replies":[{"embeddable":true,"href":"https:\/\/pinews.com.br\/index.php\/wp-json\/wp\/v2\/comments?post=4692"}],"version-history":[{"count":0,"href":"https:\/\/pinews.com.br\/index.php\/wp-json\/wp\/v2\/posts\/4692\/revisions"}],"wp:featuredmedia":[{"embeddable":true,"href":"https:\/\/pinews.com.br\/index.php\/wp-json\/"}],"wp:attachment":[{"href":"https:\/\/pinews.com.br\/index.php\/wp-json\/wp\/v2\/media?parent=4692"}],"wp:term":[{"taxonomy":"category","embeddable":true,"href":"https:\/\/pinews.com.br\/index.php\/wp-json\/wp\/v2\/categories?post=4692"},{"taxonomy":"post_tag","embeddable":true,"href":"https:\/\/pinews.com.br\/index.php\/wp-json\/wp\/v2\/tags?post=4692"}],"curies":[{"name":"wp","href":"https:\/\/api.w.org\/{rel}","templated":true}]}}