{"id":47292,"date":"2023-03-15T11:56:43","date_gmt":"2023-03-15T14:56:43","guid":{"rendered":"https:\/\/pinews.com.br\/?p=44997"},"modified":"2023-03-15T11:56:43","modified_gmt":"2023-03-15T14:56:43","slug":"esposo-de-vereadora-e-detido-apos-agredir-sobrinhos-com-taco-de-sinuca-no-piaui","status":"publish","type":"post","link":"https:\/\/pinews.com.br\/index.php\/2023\/03\/15\/esposo-de-vereadora-e-detido-apos-agredir-sobrinhos-com-taco-de-sinuca-no-piaui\/","title":{"rendered":"Esposo de vereadora \u00e9 detido ap\u00f3s agredir sobrinhos com taco de sinuca no Piau\u00ed"},"content":{"rendered":"\n<p>O esposo de uma vereadora da cidade de Boa Hora, na regi\u00e3o Norte do Piau\u00ed, foi detido pela pol\u00edcia, ap\u00f3s agredir os pr\u00f3prios sobrinhos, sendo um menor de idade. O crime aconteceu na tarde do \u00faltimo domingo (12\/03). <\/p>\n\n\n\n<p>Segundo a pol\u00edcia, o agressor teria ido \u00e0 casa da irm\u00e3 tomar satisfa\u00e7\u00f5es, ap\u00f3s um dos sobrinhos ter brigado com o primo, que \u00e9 filho do agressor<\/p>\n\n\n\n<p>Ao chegar no local, o homem, visivelmente alterado, teria iniciado a agress\u00e3o usando um taco de sinuca contra os dois sobrinhos.<\/p>\n\n\n\n<p>Em seguida, o homem fugiu at\u00e9 a pra\u00e7a da cidade, ap\u00f3s vizinhos acionarem a pol\u00edcia para conter a agress\u00e3o.<\/p>\n\n\n\n<p>Policiais da For\u00e7a T\u00e1tica do Batalh\u00e3o de Campo Maior foram at\u00e9 Boa Hora e efetuaram a deten\u00e7\u00e3o&nbsp;do agressor.<\/p>\n\n\n\n<p>Ele foi encaminhado para a delegacia da cidade de Esperantina-PI, mas no local teria acontecido um entendimento entre os familiares e o homem foi liberado.<\/p>\n\n\n\n<p>A&nbsp;vereadora, esposa do acusado, foi procurada, mas&nbsp;at\u00e9 o fechamento da mat\u00e9ria n\u00e3o obtivemos respostas. O espa\u00e7o fica aberto para esclarecimentos.<\/p>\n\n\n\n<p><strong>Fonte: 180graus\/ As informa\u00e7\u00f5es s\u00e3o do Emfoco<\/strong><\/p>\n","protected":false},"excerpt":{"rendered":"<p>O esposo de uma vereadora da cidade de Boa Hora, na regi\u00e3o Norte do Piau\u00ed, foi detido pela pol\u00edcia, ap\u00f3s agredir os pr\u00f3prios sobrinhos, sendo um menor de idade. O crime aconteceu na tarde do \u00faltimo domingo (12\/03). Segundo a pol\u00edcia, o agressor teria ido \u00e0 casa da irm\u00e3 tomar satisfa\u00e7\u00f5es, ap\u00f3s um dos sobrinhos [&hellip;]<\/p>\n","protected":false},"author":1,"featured_media":44998,"comment_status":"open","ping_status":"open","sticky":false,"template":"","format":"standard","meta":{"beyondwords_generate_audio":"","beyondwords_project_id":"","beyondwords_podcast_id":"","beyondwords_hash":"","beyondwords_error_message":"","beyondwords_disabled":"","publish_post_to_speechkit":"","speechkit_generate_audio":"","speechkit_project_id":"","speechkit_podcast_id":"","speechkit_hash":"","speechkit_error_message":"","speechkit_disabled":"","speechkit_access_key":"","speechkit_error":"","speechkit_info":"","speechkit_response":"","speechkit_retries":"","_speechkit_link":"","_speechkit_text":""},"categories":[51,78],"tags":[532,70,44,736,72,10289,52,6969,10726,6970,2010],"jetpack_featured_media_url":"","_links":{"self":[{"href":"https:\/\/pinews.com.br\/index.php\/wp-json\/wp\/v2\/posts\/47292"}],"collection":[{"href":"https:\/\/pinews.com.br\/index.php\/wp-json\/wp\/v2\/posts"}],"about":[{"href":"https:\/\/pinews.com.br\/index.php\/wp-json\/wp\/v2\/types\/post"}],"author":[{"embeddable":true,"href":"https:\/\/pinews.com.br\/index.php\/wp-json\/wp\/v2\/users\/1"}],"replies":[{"embeddable":true,"href":"https:\/\/pinews.com.br\/index.php\/wp-json\/wp\/v2\/comments?post=47292"}],"version-history":[{"count":0,"href":"https:\/\/pinews.com.br\/index.php\/wp-json\/wp\/v2\/posts\/47292\/revisions"}],"wp:featuredmedia":[{"embeddable":true,"href":"https:\/\/pinews.com.br\/index.php\/wp-json\/"}],"wp:attachment":[{"href":"https:\/\/pinews.com.br\/index.php\/wp-json\/wp\/v2\/media?parent=47292"}],"wp:term":[{"taxonomy":"category","embeddable":true,"href":"https:\/\/pinews.com.br\/index.php\/wp-json\/wp\/v2\/categories?post=47292"},{"taxonomy":"post_tag","embeddable":true,"href":"https:\/\/pinews.com.br\/index.php\/wp-json\/wp\/v2\/tags?post=47292"}],"curies":[{"name":"wp","href":"https:\/\/api.w.org\/{rel}","templated":true}]}}