{"id":47304,"date":"2023-03-16T18:19:38","date_gmt":"2023-03-16T21:19:38","guid":{"rendered":"https:\/\/pinews.com.br\/?p=45042"},"modified":"2023-03-16T18:19:38","modified_gmt":"2023-03-16T21:19:38","slug":"mae-e-presa-apos-filho-atirar-no-irmao-e-em-vizinho-com-espingarda-no-piaui","status":"publish","type":"post","link":"https:\/\/pinews.com.br\/index.php\/2023\/03\/16\/mae-e-presa-apos-filho-atirar-no-irmao-e-em-vizinho-com-espingarda-no-piaui\/","title":{"rendered":"M\u00e3e \u00e9 presa ap\u00f3s filho atirar no irm\u00e3o e em vizinho com espingarda no Piau\u00ed"},"content":{"rendered":"\n<p>Uma mulher identificada pela iniciais M.S.S.F., de 31 anos, foi presa em flagrante ap\u00f3s o pr\u00f3prio filho, de 11 anos, pegar uma espingarda e atirar contra o irm\u00e3o e o vizinho, em Luzil\u00e2ndia, no Norte do Piau\u00ed. A m\u00e3e da crian\u00e7a foi autuada pelos crimes de posse de arma de fogo e omiss\u00e3o de cautela.<\/p>\n\n\n\n<p>Segundo a Delegacia da Pol\u00edcia Civil do munic\u00edpio, a crian\u00e7a, ap\u00f3s se apossar da arma de fogo que estava no quarto da m\u00e3e, desferiu tiros contra o seu pr\u00f3prio irm\u00e3o, de 14 anos, e um vizinho, de 4 anos.  As v\u00edtimas foram encaminhadas para hospital de refer\u00eancia em Parna\u00edba.<\/p>\n\n\n\n<p>Ao serem acionados, nesta quarta-feira (15), foram de imediato para o local, no conjunto Francisca Trindade, e autuaram a mulher, m\u00e3e da crian\u00e7a que usou a arma.&nbsp;<\/p>\n\n\n\n<p>Ela foi presa em flagrante e responder\u00e1 pelos crimes de posse de arma de fogo e omiss\u00e3o de cautela. A arma usada pelo filho dela foi apreendida. <\/p>\n\n\n\n<p><strong>Fonte: Meio Norte <\/strong><\/p>\n","protected":false},"excerpt":{"rendered":"<p>Uma mulher identificada pela iniciais M.S.S.F., de 31 anos, foi presa em flagrante ap\u00f3s o pr\u00f3prio filho, de 11 anos, pegar uma espingarda e atirar contra o irm\u00e3o e o vizinho, em Luzil\u00e2ndia, no Norte do Piau\u00ed. A m\u00e3e da crian\u00e7a foi autuada pelos crimes de posse de arma de fogo e omiss\u00e3o de cautela. [&hellip;]<\/p>\n","protected":false},"author":1,"featured_media":45043,"comment_status":"open","ping_status":"open","sticky":false,"template":"","format":"standard","meta":{"beyondwords_generate_audio":"","beyondwords_project_id":"","beyondwords_podcast_id":"","beyondwords_hash":"","beyondwords_error_message":"","beyondwords_disabled":"","publish_post_to_speechkit":"","speechkit_generate_audio":"","speechkit_project_id":"","speechkit_podcast_id":"","speechkit_hash":"","speechkit_error_message":"","speechkit_disabled":"","speechkit_access_key":"","speechkit_error":"","speechkit_info":"","speechkit_response":"","speechkit_retries":"","_speechkit_link":"","_speechkit_text":""},"categories":[51,78],"tags":[70,1743,72,46,1920,289,1265,117,52,314,1257],"jetpack_featured_media_url":"","_links":{"self":[{"href":"https:\/\/pinews.com.br\/index.php\/wp-json\/wp\/v2\/posts\/47304"}],"collection":[{"href":"https:\/\/pinews.com.br\/index.php\/wp-json\/wp\/v2\/posts"}],"about":[{"href":"https:\/\/pinews.com.br\/index.php\/wp-json\/wp\/v2\/types\/post"}],"author":[{"embeddable":true,"href":"https:\/\/pinews.com.br\/index.php\/wp-json\/wp\/v2\/users\/1"}],"replies":[{"embeddable":true,"href":"https:\/\/pinews.com.br\/index.php\/wp-json\/wp\/v2\/comments?post=47304"}],"version-history":[{"count":0,"href":"https:\/\/pinews.com.br\/index.php\/wp-json\/wp\/v2\/posts\/47304\/revisions"}],"wp:featuredmedia":[{"embeddable":true,"href":"https:\/\/pinews.com.br\/index.php\/wp-json\/"}],"wp:attachment":[{"href":"https:\/\/pinews.com.br\/index.php\/wp-json\/wp\/v2\/media?parent=47304"}],"wp:term":[{"taxonomy":"category","embeddable":true,"href":"https:\/\/pinews.com.br\/index.php\/wp-json\/wp\/v2\/categories?post=47304"},{"taxonomy":"post_tag","embeddable":true,"href":"https:\/\/pinews.com.br\/index.php\/wp-json\/wp\/v2\/tags?post=47304"}],"curies":[{"name":"wp","href":"https:\/\/api.w.org\/{rel}","templated":true}]}}