{"id":47305,"date":"2023-03-16T18:23:11","date_gmt":"2023-03-16T21:23:11","guid":{"rendered":"https:\/\/pinews.com.br\/?p=45045"},"modified":"2023-03-16T18:23:11","modified_gmt":"2023-03-16T21:23:11","slug":"operador-de-maquinas-morre-de-infarto-em-cima-de-trator-no-piaui","status":"publish","type":"post","link":"https:\/\/pinews.com.br\/index.php\/2023\/03\/16\/operador-de-maquinas-morre-de-infarto-em-cima-de-trator-no-piaui\/","title":{"rendered":"Operador de m\u00e1quinas morre de infarto em cima de trator no Piau\u00ed"},"content":{"rendered":"\n<p>Um operador de m\u00e1quinas identificado como Francisco Mariano de Oliveira, de 63 anos, morreu na tarde da \u00faltima quarta-feira (15\/03) ap\u00f3s sofrer um infarto fulminante. O corpo foi encontrado em cima de um trator de esteira, dentro de uma propriedade particular localizada na regi\u00e3o da Fazenda Assa\u00ed, na zona rural de Jos\u00e9 de Freitas\/PI. <\/p>\n\n\n\n<p>Companheiros de trabalho do tratorista informaram para Pol\u00edcia Militar que a v\u00edtima havia se queixado de dores nas costas, mesmo assim, continuou no local trabalhando com a m\u00e1quina mec\u00e2nica durante limpeza de terreno. No final da tarde, o corpo foi encontrado.<\/p>\n\n\n\n<p>Uma equipe do Servi\u00e7o de Atendimento M\u00f3vel de Urg\u00eancia (SAMU) e da Pol\u00edcia Militar estiveram no local e constataram o \u00f3bito de Francisco Mariano, a causa mais prov\u00e1vel, que tenha sido morte natural, provocada por um infarto, pois a v\u00edtima n\u00e3o apresentava nenhum sinal de viol\u00eancia no corpo.<\/p>\n\n\n\n<p>Chico Burandy, era bastante conhecido na regi\u00e3o do Coroat\u00e1, onde morou por muito anos na Vila Nova e constituiu fam\u00edlia. Atualmente, o tratorista morava em Cocal e tinha bastante experi\u00eancia como operador de m\u00e1quinas pesadas. A empresa contratante do servi\u00e7o assumiu toda despesa f\u00fanebre.<\/p>\n\n\n\n<p><strong>Fonte: 180 Graus\/ As informa\u00e7\u00f5es s\u00e3o do Revista Opini\u00e3o<\/strong><\/p>\n","protected":false},"excerpt":{"rendered":"<p>Um operador de m\u00e1quinas identificado como Francisco Mariano de Oliveira, de 63 anos, morreu na tarde da \u00faltima quarta-feira (15\/03) ap\u00f3s sofrer um infarto fulminante. O corpo foi encontrado em cima de um trator de esteira, dentro de uma propriedade particular localizada na regi\u00e3o da Fazenda Assa\u00ed, na zona rural de Jos\u00e9 de Freitas\/PI. Companheiros [&hellip;]<\/p>\n","protected":false},"author":1,"featured_media":45046,"comment_status":"open","ping_status":"open","sticky":false,"template":"","format":"standard","meta":{"beyondwords_generate_audio":"","beyondwords_project_id":"","beyondwords_podcast_id":"","beyondwords_hash":"","beyondwords_error_message":"","beyondwords_disabled":"","publish_post_to_speechkit":"","speechkit_generate_audio":"","speechkit_project_id":"","speechkit_podcast_id":"","speechkit_hash":"","speechkit_error_message":"","speechkit_disabled":"","speechkit_access_key":"","speechkit_error":"","speechkit_info":"","speechkit_response":"","speechkit_retries":"","_speechkit_link":"","_speechkit_text":""},"categories":[51],"tags":[114,44,46,284,7654,119,7655,52,11241],"jetpack_featured_media_url":"","_links":{"self":[{"href":"https:\/\/pinews.com.br\/index.php\/wp-json\/wp\/v2\/posts\/47305"}],"collection":[{"href":"https:\/\/pinews.com.br\/index.php\/wp-json\/wp\/v2\/posts"}],"about":[{"href":"https:\/\/pinews.com.br\/index.php\/wp-json\/wp\/v2\/types\/post"}],"author":[{"embeddable":true,"href":"https:\/\/pinews.com.br\/index.php\/wp-json\/wp\/v2\/users\/1"}],"replies":[{"embeddable":true,"href":"https:\/\/pinews.com.br\/index.php\/wp-json\/wp\/v2\/comments?post=47305"}],"version-history":[{"count":0,"href":"https:\/\/pinews.com.br\/index.php\/wp-json\/wp\/v2\/posts\/47305\/revisions"}],"wp:featuredmedia":[{"embeddable":true,"href":"https:\/\/pinews.com.br\/index.php\/wp-json\/"}],"wp:attachment":[{"href":"https:\/\/pinews.com.br\/index.php\/wp-json\/wp\/v2\/media?parent=47305"}],"wp:term":[{"taxonomy":"category","embeddable":true,"href":"https:\/\/pinews.com.br\/index.php\/wp-json\/wp\/v2\/categories?post=47305"},{"taxonomy":"post_tag","embeddable":true,"href":"https:\/\/pinews.com.br\/index.php\/wp-json\/wp\/v2\/tags?post=47305"}],"curies":[{"name":"wp","href":"https:\/\/api.w.org\/{rel}","templated":true}]}}