{"id":47342,"date":"2023-03-21T18:11:40","date_gmt":"2023-03-21T21:11:40","guid":{"rendered":"https:\/\/pinews.com.br\/?p=45178"},"modified":"2023-03-21T18:11:40","modified_gmt":"2023-03-21T21:11:40","slug":"operacao-resgata-117-piauienses-de-trabalho-escravo-em-fazendas-de-minas-gerais-e-goias","status":"publish","type":"post","link":"https:\/\/pinews.com.br\/index.php\/2023\/03\/21\/operacao-resgata-117-piauienses-de-trabalho-escravo-em-fazendas-de-minas-gerais-e-goias\/","title":{"rendered":"Opera\u00e7\u00e3o resgata 117 piauienses de trabalho escravo em fazendas de Minas Gerais e Goi\u00e1s"},"content":{"rendered":"\n<p>Uma opera\u00e7\u00e3o do Grupo M\u00f3vel de Combate ao Trabalho Escravo resgatou 117 piauienses que prestavam servi\u00e7os em usinas de \u00e1lcool e produ\u00e7\u00e3o de cana de a\u00e7\u00facar em munic\u00edpios de Minas Gerais e Goi\u00e1s. Ao todo a fiscaliza\u00e7\u00e3o encontrou 212 trabalhadores que haviam sido trancafiados para fins de trabalho escravo.<\/p>\n\n\n\n<p>Os trabalhadores piauienses resgatados eram oriundos dos munic\u00edpios de Isa\u00edas Coelho, Oeiras, Inhuma, Uni\u00e3o, S\u00e3o Raimundo Nonato, Concei\u00e7\u00e3o do Canind\u00e9, Regenera\u00e7\u00e3o, Francin\u00f3polis, Valen\u00e7a, Ipiranga do Piau\u00ed, Elesb\u00e3o Veloso, Novo Oriente, Aroazes, Teresina, Gilbu\u00e9s, Lagoa do S\u00edtio e Amarante.<\/p>\n\n\n\n<p>O Procurador-chefe do MPT no Piau\u00ed, Edno Moura, destacou que esse \u00e9 o segundo caso de resgate de trabalhadores piauienses em Goi\u00e1s, apenas esse ano. Na primeira opera\u00e7\u00e3o, 78 trabalhadores do Estado estavam entre os traficados.&nbsp;<\/p>\n\n\n\n<p>\u201cInfelizmente, s\u00e3o muitos os piauienses que s\u00e3o traficados para outros estados, ludibriados com falsas promessas de bons sal\u00e1rios, bons alojamentos e boa alimenta\u00e7\u00e3o, contudo, ao chegarem o destino, descobrem que foram enganados, que, al\u00e9m de sal\u00e1rios bem abaixo dos prometidos, as condi\u00e7\u00f5es de trabalho s\u00e3o absolutamente degradantes. Estamos trabalhando para combater os traficantes e para conscientizar os trabalhadores dos riscos que essa migra\u00e7\u00e3o pode conter. Para o sucesso do nosso trabalho, \u00e9 fundamental a ajuda de toda a sociedade, formulando den\u00fancias ao Minist\u00e9rio P\u00fablico do Trabalho\u201d, frisa.<\/p>\n\n\n\n<p>De acordo com o Grupo M\u00f3vel, foram v\u00e1rias as irregularidades encontradas durante a fiscaliza\u00e7\u00e3o: havia a cobran\u00e7a pelos alugu\u00e9is dos barracos usados como alojamentos, o n\u00e3o fornecimento de alimenta\u00e7\u00e3o e cobran\u00e7a pelo fornecimento de ferramentas de trabalho pelos empregadores. Al\u00e9m disso, n\u00e3o havia instala\u00e7\u00f5es sanit\u00e1rias nas frentes de trabalho, fornecimento de equipamentos adequados de prote\u00e7\u00e3o e a aplica\u00e7\u00e3o de agrot\u00f3xicos ocorria nas \u00e1reas onde os trabalhadores estavam.<\/p>\n\n\n\n<p>Al\u00e9m do Piau\u00ed, os trabalhadores foram traficados dos estados do Maranh\u00e3o, Rio Grande do Norte e Bahia. O auditor fiscal do Trabalho, Roberto Mendes, que coordenou a opera\u00e7\u00e3o, explica que, ao chegarem ao local de trabalho, o grupo foi encaminhado para cerca de 30 barracas.<\/p>\n\n\n\n<figure class=\"wp-block-image\"><img decoding=\"async\" src=\"https:\/\/cidadeverde.com\/assets\/uploads\/noticias\/229437f5fd5441fc1818c5e200764142.jpg\" alt=\"\"\/><figcaption class=\"wp-element-caption\"><em>Fotos: Reprodu\u00e7\u00e3o\/MPT-PI<\/em><\/figcaption><\/figure>\n\n\n\n<p>\u201cA maioria desses abrigos eram extremamente prec\u00e1rios e n\u00e3o possu\u00edam as m\u00ednimas condi\u00e7\u00f5es para serem usados como moradias. Alguns deles eram muito velhos, com as paredes sujas e mofas, goteiras nos telhados e n\u00e3o dispunham de ventila\u00e7\u00e3o adequada, sendo que em alguns dos quartos, sequer possu\u00edam janelas. O banho era tomado com \u00e1gua fria, que saia diretamente do cano, mesmo nos dias mais frios e chuvosos\u201d, explica. A Opera\u00e7\u00e3o foi realizada de forma conjunta contando ainda com as presen\u00e7as de representantes do Minist\u00e9rio P\u00fablico do Trabalho, Minist\u00e9rio P\u00fablico Federal e a Pol\u00edcia Federal de Jata\u00ed.<\/p>\n\n\n\n<p>Os trabalhadores chegavam a ter que pagar pelos colch\u00f5es e, aqueles que n\u00e3o tinham condi\u00e7\u00f5es, dormiam em redes ou mesmo no ch\u00e3o forrado com um peda\u00e7o de pano, ou papel\u00e3o. As estruturas dos alojamentos eram t\u00e3o prec\u00e1rias que n\u00e3o havia local adequado para armazenamento e preparo dos alimentos. \u201cMuitos trabalhadores comiam a metade da marmita no caf\u00e9 da manh\u00e3, j\u00e1 que n\u00e3o tinham outra coisa para comer\u201d, completa o coordenador.<\/p>\n\n\n\n<p>O Grupo identificou cinco empregadores que assumiram a responsabilidade pelos trabalhadores resgatados e concordaram em realizar os pagamentos das verbas rescis\u00f3rias, que alcan\u00e7aram R$ 2,57 milh\u00f5es, acrescido de 50% desse valor como dano moral individual, totalizando R$3,855 milh\u00f5es. O Minist\u00e9rio P\u00fablico do Trabalho tamb\u00e9m prop\u00f4s pagamento de dano moral coletivo, no valor de R$ 5 milh\u00f5es, mas ainda sem acordo com as empresas.<\/p>\n\n\n\n<p>Todos os trabalhadores resgatados ter\u00e3o direito a receber tr\u00eas parcelas do seguro-desemprego. A Pol\u00edcia Federal tamb\u00e9m instaurou inqu\u00e9rito policial para apurar a pr\u00e1tica do crime de submiss\u00e3o de trabalhadores a condi\u00e7\u00f5es an\u00e1logas \u00e0 de escravo.<\/p>\n\n\n\n<figure class=\"wp-block-image\"><img decoding=\"async\" src=\"https:\/\/cidadeverde.com\/assets\/uploads\/noticias\/5ab63d217d229d397e750eb9950542df.jpg\" alt=\"\"\/><figcaption class=\"wp-element-caption\">Fotos: Reprodu\u00e7\u00e3o\/MPT-PI<\/figcaption><\/figure>\n\n\n\n<p><strong>Fonte: Cidade Verde <\/strong><\/p>\n","protected":false},"excerpt":{"rendered":"<p>Uma opera\u00e7\u00e3o do Grupo M\u00f3vel de Combate ao Trabalho Escravo resgatou 117 piauienses que prestavam servi\u00e7os em usinas de \u00e1lcool e produ\u00e7\u00e3o de cana de a\u00e7\u00facar em munic\u00edpios de Minas Gerais e Goi\u00e1s. Ao todo a fiscaliza\u00e7\u00e3o encontrou 212 trabalhadores que haviam sido trancafiados para fins de trabalho escravo. Os trabalhadores piauienses resgatados eram oriundos [&hellip;]<\/p>\n","protected":false},"author":1,"featured_media":45179,"comment_status":"open","ping_status":"open","sticky":false,"template":"","format":"standard","meta":{"beyondwords_generate_audio":"","beyondwords_project_id":"","beyondwords_podcast_id":"","beyondwords_hash":"","beyondwords_error_message":"","beyondwords_disabled":"","publish_post_to_speechkit":"","speechkit_generate_audio":"","speechkit_project_id":"","speechkit_podcast_id":"","speechkit_hash":"","speechkit_error_message":"","speechkit_disabled":"","speechkit_access_key":"","speechkit_error":"","speechkit_info":"","speechkit_response":"","speechkit_retries":"","_speechkit_link":"","_speechkit_text":""},"categories":[134,51],"tags":[7207,44,46,9465,10920,7632,797,7633,383,743,798,934],"jetpack_featured_media_url":"","_links":{"self":[{"href":"https:\/\/pinews.com.br\/index.php\/wp-json\/wp\/v2\/posts\/47342"}],"collection":[{"href":"https:\/\/pinews.com.br\/index.php\/wp-json\/wp\/v2\/posts"}],"about":[{"href":"https:\/\/pinews.com.br\/index.php\/wp-json\/wp\/v2\/types\/post"}],"author":[{"embeddable":true,"href":"https:\/\/pinews.com.br\/index.php\/wp-json\/wp\/v2\/users\/1"}],"replies":[{"embeddable":true,"href":"https:\/\/pinews.com.br\/index.php\/wp-json\/wp\/v2\/comments?post=47342"}],"version-history":[{"count":0,"href":"https:\/\/pinews.com.br\/index.php\/wp-json\/wp\/v2\/posts\/47342\/revisions"}],"wp:featuredmedia":[{"embeddable":true,"href":"https:\/\/pinews.com.br\/index.php\/wp-json\/"}],"wp:attachment":[{"href":"https:\/\/pinews.com.br\/index.php\/wp-json\/wp\/v2\/media?parent=47342"}],"wp:term":[{"taxonomy":"category","embeddable":true,"href":"https:\/\/pinews.com.br\/index.php\/wp-json\/wp\/v2\/categories?post=47342"},{"taxonomy":"post_tag","embeddable":true,"href":"https:\/\/pinews.com.br\/index.php\/wp-json\/wp\/v2\/tags?post=47342"}],"curies":[{"name":"wp","href":"https:\/\/api.w.org\/{rel}","templated":true}]}}