{"id":47382,"date":"2023-03-27T11:19:33","date_gmt":"2023-03-27T14:19:33","guid":{"rendered":"https:\/\/pinews.com.br\/?p=45318"},"modified":"2023-03-27T11:19:33","modified_gmt":"2023-03-27T14:19:33","slug":"bandidos-invadem-sitio-roubam-caminhonete-e-matam-capitao-da-pm","status":"publish","type":"post","link":"https:\/\/pinews.com.br\/index.php\/2023\/03\/27\/bandidos-invadem-sitio-roubam-caminhonete-e-matam-capitao-da-pm\/","title":{"rendered":"Bandidos invadem s\u00edtio, roubam caminhonete e matam capit\u00e3o da PM"},"content":{"rendered":"\n<p>Na noite desse domingo (26), um capit\u00e3o da Pol\u00edcia Militar de Caxias identificado por Jeremias, foi assassinado em um latroc\u00ednio, ocorrido por volta das 19h30, em seu s\u00edtio, localizado entre os munic\u00edpios de Timon e Caxias, no Maranh\u00e3o.&nbsp;<\/p>\n\n\n\n<p>Conforme informa\u00e7\u00f5es preliminares, indiv\u00edduos invadiram o s\u00edtio, que tamb\u00e9m funciona um restaurante, e renderam o caseiro.&nbsp;<\/p>\n\n\n\n<p>Ao perceberem a chegada do Militar, os criminosos efetuaram v\u00e1rios disparos contra ele, que, infelizmente, n\u00e3o resistiu e morreu no local.&nbsp;<\/p>\n\n\n\n<p>Os homicidas subtra\u00edram a arma do agente e uma caminhonete modelo S10, cor prata. Ap\u00f3s a a\u00e7\u00e3o, os eles fugiram em rumo ignorado. A Pol\u00edcia est\u00e1 em dilig\u00eancias para identificar os suspeitos. At\u00e9 o fechamento dessa reportagem, ningu\u00e9m havia sido preso.&nbsp;<\/p>\n\n\n\n<p>O 2\u00ba Batalh\u00e3o de Pol\u00edcia Militar, onde Capit\u00e3o Jeremias era lotado, emitiu uma nota de pesar lamentando a perca.<\/p>\n\n\n\n<p><strong>Confira:<\/strong><\/p>\n\n\n\n<figure class=\"wp-block-image\"><img decoding=\"async\" src=\"https:\/\/www.portalr10.com\/envios\/2023\/03\/27\/0a644ede559ef1936adc7923da769e0888d0a5ec.jpeg\" alt=\"\"\/><figcaption class=\"wp-element-caption\">(Foto: Reprodu\u00e7\u00e3o)<\/figcaption><\/figure>\n\n\n\n<p><strong>Fonte: R10<\/strong><\/p>\n","protected":false},"excerpt":{"rendered":"<p>Na noite desse domingo (26), um capit\u00e3o da Pol\u00edcia Militar de Caxias identificado por Jeremias, foi assassinado em um latroc\u00ednio, ocorrido por volta das 19h30, em seu s\u00edtio, localizado entre os munic\u00edpios de Timon e Caxias, no Maranh\u00e3o.&nbsp; Conforme informa\u00e7\u00f5es preliminares, indiv\u00edduos invadiram o s\u00edtio, que tamb\u00e9m funciona um restaurante, e renderam o caseiro.&nbsp; Ao [&hellip;]<\/p>\n","protected":false},"author":1,"featured_media":45319,"comment_status":"open","ping_status":"open","sticky":false,"template":"","format":"standard","meta":{"beyondwords_generate_audio":"","beyondwords_project_id":"","beyondwords_podcast_id":"","beyondwords_hash":"","beyondwords_error_message":"","beyondwords_disabled":"","publish_post_to_speechkit":"","speechkit_generate_audio":"","speechkit_project_id":"","speechkit_podcast_id":"","speechkit_hash":"","speechkit_error_message":"","speechkit_disabled":"","speechkit_access_key":"","speechkit_error":"","speechkit_info":"","speechkit_response":"","speechkit_retries":"","_speechkit_link":"","_speechkit_text":""},"categories":[134,78],"tags":[855,587,1388,122,487,488,313,246,6895],"jetpack_featured_media_url":"","_links":{"self":[{"href":"https:\/\/pinews.com.br\/index.php\/wp-json\/wp\/v2\/posts\/47382"}],"collection":[{"href":"https:\/\/pinews.com.br\/index.php\/wp-json\/wp\/v2\/posts"}],"about":[{"href":"https:\/\/pinews.com.br\/index.php\/wp-json\/wp\/v2\/types\/post"}],"author":[{"embeddable":true,"href":"https:\/\/pinews.com.br\/index.php\/wp-json\/wp\/v2\/users\/1"}],"replies":[{"embeddable":true,"href":"https:\/\/pinews.com.br\/index.php\/wp-json\/wp\/v2\/comments?post=47382"}],"version-history":[{"count":0,"href":"https:\/\/pinews.com.br\/index.php\/wp-json\/wp\/v2\/posts\/47382\/revisions"}],"wp:featuredmedia":[{"embeddable":true,"href":"https:\/\/pinews.com.br\/index.php\/wp-json\/wp\/v2\/menu-items\/45319"}],"wp:attachment":[{"href":"https:\/\/pinews.com.br\/index.php\/wp-json\/wp\/v2\/media?parent=47382"}],"wp:term":[{"taxonomy":"category","embeddable":true,"href":"https:\/\/pinews.com.br\/index.php\/wp-json\/wp\/v2\/categories?post=47382"},{"taxonomy":"post_tag","embeddable":true,"href":"https:\/\/pinews.com.br\/index.php\/wp-json\/wp\/v2\/tags?post=47382"}],"curies":[{"name":"wp","href":"https:\/\/api.w.org\/{rel}","templated":true}]}}