{"id":47388,"date":"2023-03-27T18:21:17","date_gmt":"2023-03-27T21:21:17","guid":{"rendered":"https:\/\/pinews.com.br\/?p=45339"},"modified":"2023-03-27T18:21:17","modified_gmt":"2023-03-27T21:21:17","slug":"jovem-e-encontrado-morto-com-marcas-de-tiros-no-piaui","status":"publish","type":"post","link":"https:\/\/pinews.com.br\/index.php\/2023\/03\/27\/jovem-e-encontrado-morto-com-marcas-de-tiros-no-piaui\/","title":{"rendered":"Jovem \u00e9 encontrado morto com marcas de tiros no Piau\u00ed"},"content":{"rendered":"\n<p>Um jovem de 20 anos, identificado como Derik Gon\u00e7alves de Ara\u00fajo, foi encontrado morto com marcas de tiros na tarde desta segunda-feira (27) no Povoado Baix\u00e3o dos Carlos, na zona rural Leste de Teresina.<\/p>\n\n\n\n<p>De acordo com informa\u00e7\u00f5es do 5\u00b0 Batalh\u00e3o da Pol\u00edcia Militar (5\u00b0 BPM), populares acionaram o Centro de Opera\u00e7\u00f5es Policiais Militares (Copom) ap\u00f3s escutarem os disparos de arma de fogo e um carro se evadindo do local.&nbsp;<\/p>\n\n\n\n<p>\u201cA informa\u00e7\u00e3o que conseguimos colher foi que um ve\u00edculo com quatro pessoas, inclusive ele dentro, o executaram e sa\u00edram em alta velocidade. Pela minha experi\u00eancia foi execu\u00e7\u00e3o, algum tipo de acerto de contas\u201d, disse o sargento Monteiro.&nbsp;<\/p>\n\n\n\n<p>Ap\u00f3s isolar a \u00e1rea, a PM acionou a per\u00edcia e o Instituto M\u00e9dico Legal (IML) para os procedimentos iniciais e remo\u00e7\u00e3o do corpo. O caso ser\u00e1 investigado pelo Departamento de Homic\u00eddios e Prote\u00e7\u00e3o \u00e0 Pessoa (DHPP).<\/p>\n\n\n\n<p>Pr\u00f3ximo ao local do crime, foram encontrados alguns cachimbos. \u201cDe acordo com o irm\u00e3o da v\u00edtima, ele era viciado, fazia pratica de roubo na pr\u00f3pria resid\u00eancia para comprar drogas\u201d, complementou o militar.<\/p>\n\n\n\n<p><strong>Fonte: Breno Moreno\/ Cidade Verde <\/strong><\/p>\n","protected":false},"excerpt":{"rendered":"<p>Um jovem de 20 anos, identificado como Derik Gon\u00e7alves de Ara\u00fajo, foi encontrado morto com marcas de tiros na tarde desta segunda-feira (27) no Povoado Baix\u00e3o dos Carlos, na zona rural Leste de Teresina. De acordo com informa\u00e7\u00f5es do 5\u00b0 Batalh\u00e3o da Pol\u00edcia Militar (5\u00b0 BPM), populares acionaram o Centro de Opera\u00e7\u00f5es Policiais Militares (Copom) [&hellip;]<\/p>\n","protected":false},"author":1,"featured_media":45340,"comment_status":"open","ping_status":"open","sticky":false,"template":"","format":"standard","meta":{"beyondwords_generate_audio":"","beyondwords_project_id":"","beyondwords_podcast_id":"","beyondwords_hash":"","beyondwords_error_message":"","beyondwords_disabled":"","publish_post_to_speechkit":"","speechkit_generate_audio":"","speechkit_project_id":"","speechkit_podcast_id":"","speechkit_hash":"","speechkit_error_message":"","speechkit_disabled":"","speechkit_access_key":"","speechkit_error":"","speechkit_info":"","speechkit_response":"","speechkit_retries":"","_speechkit_link":"","_speechkit_text":""},"categories":[51,78,81],"tags":[44,72,200,266,562,197,52,165],"jetpack_featured_media_url":"","_links":{"self":[{"href":"https:\/\/pinews.com.br\/index.php\/wp-json\/wp\/v2\/posts\/47388"}],"collection":[{"href":"https:\/\/pinews.com.br\/index.php\/wp-json\/wp\/v2\/posts"}],"about":[{"href":"https:\/\/pinews.com.br\/index.php\/wp-json\/wp\/v2\/types\/post"}],"author":[{"embeddable":true,"href":"https:\/\/pinews.com.br\/index.php\/wp-json\/wp\/v2\/users\/1"}],"replies":[{"embeddable":true,"href":"https:\/\/pinews.com.br\/index.php\/wp-json\/wp\/v2\/comments?post=47388"}],"version-history":[{"count":0,"href":"https:\/\/pinews.com.br\/index.php\/wp-json\/wp\/v2\/posts\/47388\/revisions"}],"wp:featuredmedia":[{"embeddable":true,"href":"https:\/\/pinews.com.br\/index.php\/wp-json\/"}],"wp:attachment":[{"href":"https:\/\/pinews.com.br\/index.php\/wp-json\/wp\/v2\/media?parent=47388"}],"wp:term":[{"taxonomy":"category","embeddable":true,"href":"https:\/\/pinews.com.br\/index.php\/wp-json\/wp\/v2\/categories?post=47388"},{"taxonomy":"post_tag","embeddable":true,"href":"https:\/\/pinews.com.br\/index.php\/wp-json\/wp\/v2\/tags?post=47388"}],"curies":[{"name":"wp","href":"https:\/\/api.w.org\/{rel}","templated":true}]}}