{"id":47391,"date":"2023-03-28T11:39:03","date_gmt":"2023-03-28T14:39:03","guid":{"rendered":"https:\/\/pinews.com.br\/?p=45348"},"modified":"2023-03-28T11:39:03","modified_gmt":"2023-03-28T14:39:03","slug":"policia-prende-dupla-por-trafico-de-drogas-em-jacobina-do-piaui","status":"publish","type":"post","link":"https:\/\/pinews.com.br\/index.php\/2023\/03\/28\/policia-prende-dupla-por-trafico-de-drogas-em-jacobina-do-piaui\/","title":{"rendered":"Pol\u00edcia prende dupla por tr\u00e1fico de drogas em Jacobina do Piau\u00ed"},"content":{"rendered":"\n<p>A Pol\u00edcia Militar de Jacobina do Piau\u00ed (distante 469 km de Teresina) prendeu nesta segunda (27) dois homens suspeitos de tr\u00e1fico de drogas. A pris\u00e3o aconteceu na zona rural do munic\u00edpio.&nbsp;<\/p>\n\n\n\n<p>Policiais da For\u00e7a T\u00e1tica do 20\u00ba BPM informaram que estavam em patrulhamento na localidade \u201cPedra Redonda\u201d quando avistaram os dois homens em atitude suspeita. Segundo relato dos policiais, ao perceberem a presen\u00e7a da PM, a dupla tentou empreender fuga.&nbsp;<\/p>\n\n\n\n<p>\u201cO garupa da moto arremessou no ch\u00e3o dois inv\u00f3lucros da cor \u201cpreta\u201d e outros dois da cor verde. Diante da atitude dos homens e da constata\u00e7\u00e3o que aqueles materiais jogados no ch\u00e3o eram entorpecentes, a PM iniciou uma persegui\u00e7\u00e3o, \u201cdando ordem\u201d de parada aos dois. At\u00e9 que em um certo momento, os indiv\u00edduos foram capturados\u201d, diz relat\u00f3rio da PM.&nbsp;<\/p>\n\n\n\n<p>Com os homens a pol\u00edcia encontrou 4 inv\u00f3lucros de subst\u00e2ncia an\u00e1loga a maconha, 3 inv\u00f3lucros de subst\u00e2ncia an\u00e1loga a coca\u00edna e cerca de R$ 252,30 em esp\u00e9cie. No entanto, o garupa afirmou que as drogas pertenciam a ele.<\/p>\n\n\n\n<p>Os dois foram conduzidos para a 12\u00aa Delegacia Regional de Pol\u00edcia Civil de Paulistana.<\/p>\n\n\n\n<p><strong>Fonte: Nataniel Lima\/ Cidade Verde <\/strong><\/p>\n","protected":false},"excerpt":{"rendered":"<p>A Pol\u00edcia Militar de Jacobina do Piau\u00ed (distante 469 km de Teresina) prendeu nesta segunda (27) dois homens suspeitos de tr\u00e1fico de drogas. A pris\u00e3o aconteceu na zona rural do munic\u00edpio.&nbsp; Policiais da For\u00e7a T\u00e1tica do 20\u00ba BPM informaram que estavam em patrulhamento na localidade \u201cPedra Redonda\u201d quando avistaram os dois homens em atitude suspeita. [&hellip;]<\/p>\n","protected":false},"author":1,"featured_media":45349,"comment_status":"open","ping_status":"open","sticky":false,"template":"","format":"standard","meta":{"beyondwords_generate_audio":"","beyondwords_project_id":"","beyondwords_podcast_id":"","beyondwords_hash":"","beyondwords_error_message":"","beyondwords_disabled":"","publish_post_to_speechkit":"","speechkit_generate_audio":"","speechkit_project_id":"","speechkit_podcast_id":"","speechkit_hash":"","speechkit_error_message":"","speechkit_disabled":"","speechkit_access_key":"","speechkit_error":"","speechkit_info":"","speechkit_response":"","speechkit_retries":"","_speechkit_link":"","_speechkit_text":""},"categories":[51,78],"tags":[44,193,1609,46,1589,52,466,59,112,195],"jetpack_featured_media_url":"","_links":{"self":[{"href":"https:\/\/pinews.com.br\/index.php\/wp-json\/wp\/v2\/posts\/47391"}],"collection":[{"href":"https:\/\/pinews.com.br\/index.php\/wp-json\/wp\/v2\/posts"}],"about":[{"href":"https:\/\/pinews.com.br\/index.php\/wp-json\/wp\/v2\/types\/post"}],"author":[{"embeddable":true,"href":"https:\/\/pinews.com.br\/index.php\/wp-json\/wp\/v2\/users\/1"}],"replies":[{"embeddable":true,"href":"https:\/\/pinews.com.br\/index.php\/wp-json\/wp\/v2\/comments?post=47391"}],"version-history":[{"count":0,"href":"https:\/\/pinews.com.br\/index.php\/wp-json\/wp\/v2\/posts\/47391\/revisions"}],"wp:featuredmedia":[{"embeddable":true,"href":"https:\/\/pinews.com.br\/index.php\/wp-json\/"}],"wp:attachment":[{"href":"https:\/\/pinews.com.br\/index.php\/wp-json\/wp\/v2\/media?parent=47391"}],"wp:term":[{"taxonomy":"category","embeddable":true,"href":"https:\/\/pinews.com.br\/index.php\/wp-json\/wp\/v2\/categories?post=47391"},{"taxonomy":"post_tag","embeddable":true,"href":"https:\/\/pinews.com.br\/index.php\/wp-json\/wp\/v2\/tags?post=47391"}],"curies":[{"name":"wp","href":"https:\/\/api.w.org\/{rel}","templated":true}]}}