{"id":47392,"date":"2023-03-28T11:43:18","date_gmt":"2023-03-28T14:43:18","guid":{"rendered":"https:\/\/pinews.com.br\/?p=45351"},"modified":"2023-03-28T11:43:18","modified_gmt":"2023-03-28T14:43:18","slug":"tres-jovens-sao-encontrados-com-vida-apos-ficarem-presos-em-cachoeira-no-piaui","status":"publish","type":"post","link":"https:\/\/pinews.com.br\/index.php\/2023\/03\/28\/tres-jovens-sao-encontrados-com-vida-apos-ficarem-presos-em-cachoeira-no-piaui\/","title":{"rendered":"Tr\u00eas jovens s\u00e3o encontrados com vida ap\u00f3s ficarem presos em cachoeira no Piau\u00ed"},"content":{"rendered":"\n<p>Na madrugada desta ter\u00e7a-feira (28\/03), os jovens Jadson, Ot\u00e1vio e Davi foram encontrados com vida pelas equipes de resgate que estavam realizando as buscas na regi\u00e3o da cachoeira do Urubu Rei, em Pedro II.<\/p>\n\n\n\n<p>Os bombeiros civis, juntamente com familiares, trabalharam durante a noite e madrugada na busca pelos jovens, que haviam sa\u00eddo para visitar a cachoeira na tarde de segunda-feira e n\u00e3o haviam retornado. Eles teriam ficado presos devido a uma &#8220;cabe\u00e7a d&#8217;\u00e1gua&#8221;, ap\u00f3s fortes chuvas que ca\u00edram na regi\u00e3o.<\/p>\n\n\n\n<p>Segundo informa\u00e7\u00f5es dos Bombeiros Civis, que estiveram no local, os jovens foram resgatados por volta das 2h30 da manh\u00e3 desta ter\u00e7a-feira e chegaram em Pedro II por volta das 4h. Apesar de apresentarem sinais de desidrata\u00e7\u00e3o, eles est\u00e3o fora de perigo e passam bem.<\/p>\n\n\n\n<p>A Defesa Civil alerta que \u00e9 preciso redobrar os cuidados em locais com riscos como cachoeiras e rios durante o per\u00edodo chuvoso, e recomendam que as pessoas evitem visitar esses locais durante as chuvas intensas.<\/p>\n\n\n\n<p><strong>Fonte: 180 Graus <\/strong><\/p>\n","protected":false},"excerpt":{"rendered":"<p>Na madrugada desta ter\u00e7a-feira (28\/03), os jovens Jadson, Ot\u00e1vio e Davi foram encontrados com vida pelas equipes de resgate que estavam realizando as buscas na regi\u00e3o da cachoeira do Urubu Rei, em Pedro II. Os bombeiros civis, juntamente com familiares, trabalharam durante a noite e madrugada na busca pelos jovens, que haviam sa\u00eddo para visitar [&hellip;]<\/p>\n","protected":false},"author":1,"featured_media":45352,"comment_status":"open","ping_status":"open","sticky":false,"template":"","format":"standard","meta":{"beyondwords_generate_audio":"","beyondwords_project_id":"","beyondwords_podcast_id":"","beyondwords_hash":"","beyondwords_error_message":"","beyondwords_disabled":"","publish_post_to_speechkit":"","speechkit_generate_audio":"","speechkit_project_id":"","speechkit_podcast_id":"","speechkit_hash":"","speechkit_error_message":"","speechkit_disabled":"","speechkit_access_key":"","speechkit_error":"","speechkit_info":"","speechkit_response":"","speechkit_retries":"","_speechkit_link":"","_speechkit_text":""},"categories":[51],"tags":[70,725,46,896,11274,542,52,600,362,239,96],"jetpack_featured_media_url":"","_links":{"self":[{"href":"https:\/\/pinews.com.br\/index.php\/wp-json\/wp\/v2\/posts\/47392"}],"collection":[{"href":"https:\/\/pinews.com.br\/index.php\/wp-json\/wp\/v2\/posts"}],"about":[{"href":"https:\/\/pinews.com.br\/index.php\/wp-json\/wp\/v2\/types\/post"}],"author":[{"embeddable":true,"href":"https:\/\/pinews.com.br\/index.php\/wp-json\/wp\/v2\/users\/1"}],"replies":[{"embeddable":true,"href":"https:\/\/pinews.com.br\/index.php\/wp-json\/wp\/v2\/comments?post=47392"}],"version-history":[{"count":0,"href":"https:\/\/pinews.com.br\/index.php\/wp-json\/wp\/v2\/posts\/47392\/revisions"}],"wp:featuredmedia":[{"embeddable":true,"href":"https:\/\/pinews.com.br\/index.php\/wp-json\/"}],"wp:attachment":[{"href":"https:\/\/pinews.com.br\/index.php\/wp-json\/wp\/v2\/media?parent=47392"}],"wp:term":[{"taxonomy":"category","embeddable":true,"href":"https:\/\/pinews.com.br\/index.php\/wp-json\/wp\/v2\/categories?post=47392"},{"taxonomy":"post_tag","embeddable":true,"href":"https:\/\/pinews.com.br\/index.php\/wp-json\/wp\/v2\/tags?post=47392"}],"curies":[{"name":"wp","href":"https:\/\/api.w.org\/{rel}","templated":true}]}}